{"id":10858,"date":"2025-05-18T23:51:27","date_gmt":"2025-05-18T21:51:27","guid":{"rendered":"https:\/\/cdgolf33.com\/?p=10858"},"modified":"2025-05-19T10:06:44","modified_gmt":"2025-05-19T08:06:44","slug":"interclubs-seniors-hommes-finale-2025","status":"publish","type":"post","link":"https:\/\/cdgolf33.com\/index.php\/2025\/05\/18\/interclubs-seniors-hommes-finale-2025\/","title":{"rendered":"INTERCLUBS S\u00c9NIORS HOMMES ~ FINALE 2025"},"content":{"rendered":"<p><a href=\"https:\/\/cdgolf33.com\/wp-content\/uploads\/2025\/05\/Classement-Seniors-2025-Finale.pdf\" target=\"_blank\" rel=\"noopener\">&gt;&gt;&gt; Classement Final S\u00e9niors Hommes 2025<\/a><\/p>\n<div id=\"attachment_10860\" style=\"width: 2570px\" class=\"wp-caption aligncenter\"><img fetchpriority=\"high\" decoding=\"async\" aria-describedby=\"caption-attachment-10860\" src=\"https:\/\/cdgolf33.com\/wp-content\/uploads\/2025\/05\/IMG_5743-scaled.webp\" alt=\"Bertrand SOTA annon\u00e7ant les r\u00e9sultats aux Capitaines. De gauche \u00e0 droite : Didier Rebours [Villenave d\u2019Ornon], Fred Olsson [Saint Emilion], Jean-Claude Vergn\u00e8res [Arcachon], Yves Le Hors [Biscarrosse], Patrick Fradin [Lacanau], Christian Lescarret [Gujan], Jean-Claude Pacquetet [repr\u00e9sentant Cabot], Cyrille Salot (rempla\u00e7ant le capitaine de Pessac Jean-Louis Lapoudge), Francis Duni\u00e9 [Teynac], G\u00e9rard Devilliers [Bordeaux Lac], Christophe Dallas [Cameyrac].\" width=\"2560\" height=\"1920\" class=\"wp-image-10860 size-full\" srcset=\"https:\/\/cdgolf33.com\/wp-content\/uploads\/2025\/05\/IMG_5743-scaled.webp 2560w, https:\/\/cdgolf33.com\/wp-content\/uploads\/2025\/05\/IMG_5743-scaled-600x450.webp 600w, https:\/\/cdgolf33.com\/wp-content\/uploads\/2025\/05\/IMG_5743-300x225.webp 300w, https:\/\/cdgolf33.com\/wp-content\/uploads\/2025\/05\/IMG_5743-1024x768.webp 1024w, https:\/\/cdgolf33.com\/wp-content\/uploads\/2025\/05\/IMG_5743-768x576.webp 768w, https:\/\/cdgolf33.com\/wp-content\/uploads\/2025\/05\/IMG_5743-1536x1152.webp 1536w, https:\/\/cdgolf33.com\/wp-content\/uploads\/2025\/05\/IMG_5743-2048x1536.webp 2048w\" sizes=\"(max-width: 2560px) 100vw, 2560px\" \/><p id=\"caption-attachment-10860\" class=\"wp-caption-text\">Bertrand SOTA annon\u00e7ant les r\u00e9sultats aux Capitaines. De gauche \u00e0 droite : Didier Rebours [Villenave d\u2019Ornon], Fred Olsson [Saint Emilion], Jean-Claude Vergn\u00e8res [Arcachon], Yves Le Hors [Biscarrosse], Patrick Fradin [Lacanau], Christian Lescarret [Gujan], Jean-Claude Pacquetet [repr\u00e9sentant Cabot], Cyrille Salot (rempla\u00e7ant le capitaine de Pessac Jean-Louis Lapoudge), Francis Duni\u00e9 [Teynac], G\u00e9rard Devilliers [Bordeaux Lac], Christophe Dallas [Cameyrac].<\/p><\/div>\n<div id=\"attachment_10861\" style=\"width: 2570px\" class=\"wp-caption aligncenter\"><img decoding=\"async\" aria-describedby=\"caption-attachment-10861\" src=\"https:\/\/cdgolf33.com\/wp-content\/uploads\/2025\/05\/IMG_5735-scaled.webp\" alt=\"Messieurs Lescarret et Pacquetet s\u2019appr\u00eatent \u00e0 remettre les lots !!!\" width=\"2560\" height=\"1920\" class=\"wp-image-10861 size-full\" srcset=\"https:\/\/cdgolf33.com\/wp-content\/uploads\/2025\/05\/IMG_5735-scaled.webp 2560w, https:\/\/cdgolf33.com\/wp-content\/uploads\/2025\/05\/IMG_5735-scaled-600x450.webp 600w, https:\/\/cdgolf33.com\/wp-content\/uploads\/2025\/05\/IMG_5735-300x225.webp 300w, https:\/\/cdgolf33.com\/wp-content\/uploads\/2025\/05\/IMG_5735-1024x768.webp 1024w, https:\/\/cdgolf33.com\/wp-content\/uploads\/2025\/05\/IMG_5735-768x576.webp 768w, https:\/\/cdgolf33.com\/wp-content\/uploads\/2025\/05\/IMG_5735-1536x1152.webp 1536w, https:\/\/cdgolf33.com\/wp-content\/uploads\/2025\/05\/IMG_5735-2048x1536.webp 2048w\" sizes=\"(max-width: 2560px) 100vw, 2560px\" \/><p id=\"caption-attachment-10861\" class=\"wp-caption-text\">Messieurs Lescarret et Pacquetet s\u2019appr\u00eatent \u00e0 remettre les lots !!!<\/p><\/div>\n","protected":false},"excerpt":{"rendered":"<p>&gt;&gt;&gt; Classement Final S\u00e9niors Hommes 2025<\/p>\n","protected":false},"author":1,"featured_media":0,"comment_status":"closed","ping_status":"closed","sticky":false,"template":"","format":"standard","meta":{"footnotes":""},"categories":[16],"tags":[],"class_list":["post-10858","post","type-post","status-publish","format-standard","hentry","category-seniors-hommes"],"yoast_head":"<!-- This site is optimized with the Yoast SEO plugin v27.5 - https:\/\/yoast.com\/product\/yoast-seo-wordpress\/ -->\n<title>INTERCLUBS S\u00c9NIORS HOMMES ~ FINALE 2025 - Comit\u00e9 D\u00e9partemental de Golf de Gironde<\/title>\n<meta name=\"robots\" content=\"index, follow, max-snippet:-1, max-image-preview:large, max-video-preview:-1\" \/>\n<link rel=\"canonical\" href=\"https:\/\/cdgolf33.com\/index.php\/2025\/05\/18\/interclubs-seniors-hommes-finale-2025\/\" \/>\n<meta property=\"og:locale\" content=\"fr_FR\" \/>\n<meta property=\"og:type\" content=\"article\" \/>\n<meta property=\"og:title\" content=\"INTERCLUBS S\u00c9NIORS HOMMES ~ FINALE 2025 - Comit\u00e9 D\u00e9partemental de Golf de Gironde\" \/>\n<meta property=\"og:description\" content=\"&gt;&gt;&gt; Classement Final S\u00e9niors Hommes 2025\" \/>\n<meta property=\"og:url\" content=\"https:\/\/cdgolf33.com\/index.php\/2025\/05\/18\/interclubs-seniors-hommes-finale-2025\/\" \/>\n<meta property=\"og:site_name\" content=\"Comit\u00e9 D\u00e9partemental de Golf de Gironde\" \/>\n<meta property=\"article:published_time\" content=\"2025-05-18T21:51:27+00:00\" \/>\n<meta property=\"article:modified_time\" content=\"2025-05-19T08:06:44+00:00\" \/>\n<meta property=\"og:image\" content=\"https:\/\/cdgolf33.com\/wp-content\/uploads\/2025\/05\/IMG_5743-scaled.webp\" \/>\n\t<meta property=\"og:image:width\" content=\"2560\" \/>\n\t<meta property=\"og:image:height\" content=\"1920\" \/>\n\t<meta property=\"og:image:type\" content=\"image\/jpeg\" \/>\n<meta name=\"author\" content=\"le Comit\u00e9 de Golf de Gironde\" \/>\n<meta name=\"twitter:card\" content=\"summary_large_image\" \/>\n<meta name=\"twitter:creator\" content=\"@comitegolf33\" \/>\n<meta name=\"twitter:site\" content=\"@comitegolf33\" \/>\n<meta name=\"twitter:label1\" content=\"\u00c9crit par\" \/>\n\t<meta name=\"twitter:data1\" content=\"le Comit\u00e9 de Golf de Gironde\" \/>\n\t<meta name=\"twitter:label2\" content=\"Dur\u00e9e de lecture estim\u00e9e\" \/>\n\t<meta name=\"twitter:data2\" content=\"1 minute\" \/>\n<script type=\"application\/ld+json\" class=\"yoast-schema-graph\">{\"@context\":\"https:\\\/\\\/schema.org\",\"@graph\":[{\"@type\":\"Article\",\"@id\":\"https:\\\/\\\/cdgolf33.com\\\/index.php\\\/2025\\\/05\\\/18\\\/interclubs-seniors-hommes-finale-2025\\\/#article\",\"isPartOf\":{\"@id\":\"https:\\\/\\\/cdgolf33.com\\\/index.php\\\/2025\\\/05\\\/18\\\/interclubs-seniors-hommes-finale-2025\\\/\"},\"author\":{\"name\":\"le Comit\u00e9 de Golf de Gironde\",\"@id\":\"https:\\\/\\\/cdgolf33.com\\\/#\\\/schema\\\/person\\\/0fe3a29db97d77dc619597e8963ba0f5\"},\"headline\":\"INTERCLUBS S\u00c9NIORS HOMMES ~ FINALE 2025\",\"datePublished\":\"2025-05-18T21:51:27+00:00\",\"dateModified\":\"2025-05-19T08:06:44+00:00\",\"mainEntityOfPage\":{\"@id\":\"https:\\\/\\\/cdgolf33.com\\\/index.php\\\/2025\\\/05\\\/18\\\/interclubs-seniors-hommes-finale-2025\\\/\"},\"wordCount\":98,\"publisher\":{\"@id\":\"https:\\\/\\\/cdgolf33.com\\\/#organization\"},\"image\":{\"@id\":\"https:\\\/\\\/cdgolf33.com\\\/index.php\\\/2025\\\/05\\\/18\\\/interclubs-seniors-hommes-finale-2025\\\/#primaryimage\"},\"thumbnailUrl\":\"https:\\\/\\\/cdgolf33.com\\\/wp-content\\\/uploads\\\/2025\\\/05\\\/IMG_5743-scaled.webp\",\"articleSection\":[\"S\u00e9niors Hommes\"],\"inLanguage\":\"fr-FR\"},{\"@type\":\"WebPage\",\"@id\":\"https:\\\/\\\/cdgolf33.com\\\/index.php\\\/2025\\\/05\\\/18\\\/interclubs-seniors-hommes-finale-2025\\\/\",\"url\":\"https:\\\/\\\/cdgolf33.com\\\/index.php\\\/2025\\\/05\\\/18\\\/interclubs-seniors-hommes-finale-2025\\\/\",\"name\":\"INTERCLUBS S\u00c9NIORS HOMMES ~ FINALE 2025 - Comit\u00e9 D\u00e9partemental de Golf de Gironde\",\"isPartOf\":{\"@id\":\"https:\\\/\\\/cdgolf33.com\\\/#website\"},\"primaryImageOfPage\":{\"@id\":\"https:\\\/\\\/cdgolf33.com\\\/index.php\\\/2025\\\/05\\\/18\\\/interclubs-seniors-hommes-finale-2025\\\/#primaryimage\"},\"image\":{\"@id\":\"https:\\\/\\\/cdgolf33.com\\\/index.php\\\/2025\\\/05\\\/18\\\/interclubs-seniors-hommes-finale-2025\\\/#primaryimage\"},\"thumbnailUrl\":\"https:\\\/\\\/cdgolf33.com\\\/wp-content\\\/uploads\\\/2025\\\/05\\\/IMG_5743-scaled.webp\",\"datePublished\":\"2025-05-18T21:51:27+00:00\",\"dateModified\":\"2025-05-19T08:06:44+00:00\",\"breadcrumb\":{\"@id\":\"https:\\\/\\\/cdgolf33.com\\\/index.php\\\/2025\\\/05\\\/18\\\/interclubs-seniors-hommes-finale-2025\\\/#breadcrumb\"},\"inLanguage\":\"fr-FR\",\"potentialAction\":[{\"@type\":\"ReadAction\",\"target\":[\"https:\\\/\\\/cdgolf33.com\\\/index.php\\\/2025\\\/05\\\/18\\\/interclubs-seniors-hommes-finale-2025\\\/\"]}]},{\"@type\":\"ImageObject\",\"inLanguage\":\"fr-FR\",\"@id\":\"https:\\\/\\\/cdgolf33.com\\\/index.php\\\/2025\\\/05\\\/18\\\/interclubs-seniors-hommes-finale-2025\\\/#primaryimage\",\"url\":\"https:\\\/\\\/cdgolf33.com\\\/wp-content\\\/uploads\\\/2025\\\/05\\\/IMG_5743-scaled.webp\",\"contentUrl\":\"https:\\\/\\\/cdgolf33.com\\\/wp-content\\\/uploads\\\/2025\\\/05\\\/IMG_5743-scaled.webp\",\"width\":2560,\"height\":1920},{\"@type\":\"BreadcrumbList\",\"@id\":\"https:\\\/\\\/cdgolf33.com\\\/index.php\\\/2025\\\/05\\\/18\\\/interclubs-seniors-hommes-finale-2025\\\/#breadcrumb\",\"itemListElement\":[{\"@type\":\"ListItem\",\"position\":1,\"name\":\"Accueil\",\"item\":\"https:\\\/\\\/cdgolf33.com\\\/\"},{\"@type\":\"ListItem\",\"position\":2,\"name\":\"INTERCLUBS S\u00c9NIORS HOMMES ~ FINALE 2025\"}]},{\"@type\":\"WebSite\",\"@id\":\"https:\\\/\\\/cdgolf33.com\\\/#website\",\"url\":\"https:\\\/\\\/cdgolf33.com\\\/\",\"name\":\"Comit\u00e9 D\u00e9partemental de Golf de Gironde\",\"description\":\"Le Comit\u00e9 de Gironde de Golf vous souhaite la bienvenue sur son site !\",\"publisher\":{\"@id\":\"https:\\\/\\\/cdgolf33.com\\\/#organization\"},\"potentialAction\":[{\"@type\":\"SearchAction\",\"target\":{\"@type\":\"EntryPoint\",\"urlTemplate\":\"https:\\\/\\\/cdgolf33.com\\\/?s={search_term_string}\"},\"query-input\":{\"@type\":\"PropertyValueSpecification\",\"valueRequired\":true,\"valueName\":\"search_term_string\"}}],\"inLanguage\":\"fr-FR\"},{\"@type\":\"Organization\",\"@id\":\"https:\\\/\\\/cdgolf33.com\\\/#organization\",\"name\":\"Comit\u00e9 de Golf de Gironde\",\"url\":\"https:\\\/\\\/cdgolf33.com\\\/\",\"logo\":{\"@type\":\"ImageObject\",\"inLanguage\":\"fr-FR\",\"@id\":\"https:\\\/\\\/cdgolf33.com\\\/#\\\/schema\\\/logo\\\/image\\\/\",\"url\":\"https:\\\/\\\/cdgolf33.com\\\/wp-content\\\/uploads\\\/2019\\\/05\\\/LOGOCD33.jpg\",\"contentUrl\":\"https:\\\/\\\/cdgolf33.com\\\/wp-content\\\/uploads\\\/2019\\\/05\\\/LOGOCD33.jpg\",\"width\":220,\"height\":233,\"caption\":\"Comit\u00e9 de Golf de Gironde\"},\"image\":{\"@id\":\"https:\\\/\\\/cdgolf33.com\\\/#\\\/schema\\\/logo\\\/image\\\/\"},\"sameAs\":[\"https:\\\/\\\/x.com\\\/comitegolf33\"]},{\"@type\":\"Person\",\"@id\":\"https:\\\/\\\/cdgolf33.com\\\/#\\\/schema\\\/person\\\/0fe3a29db97d77dc619597e8963ba0f5\",\"name\":\"le Comit\u00e9 de Golf de Gironde\",\"image\":{\"@type\":\"ImageObject\",\"inLanguage\":\"fr-FR\",\"@id\":\"https:\\\/\\\/secure.gravatar.com\\\/avatar\\\/7d0f051f071526df9cb148fdbc91d08090dd58d68fc15de4c9d807e08b07f6c9?s=96&d=mm&r=g\",\"url\":\"https:\\\/\\\/secure.gravatar.com\\\/avatar\\\/7d0f051f071526df9cb148fdbc91d08090dd58d68fc15de4c9d807e08b07f6c9?s=96&d=mm&r=g\",\"contentUrl\":\"https:\\\/\\\/secure.gravatar.com\\\/avatar\\\/7d0f051f071526df9cb148fdbc91d08090dd58d68fc15de4c9d807e08b07f6c9?s=96&d=mm&r=g\",\"caption\":\"le Comit\u00e9 de Golf de Gironde\"}}]}<\/script>\n<!-- \/ Yoast SEO plugin. -->","yoast_head_json":{"title":"INTERCLUBS S\u00c9NIORS HOMMES ~ FINALE 2025 - Comit\u00e9 D\u00e9partemental de Golf de Gironde","robots":{"index":"index","follow":"follow","max-snippet":"max-snippet:-1","max-image-preview":"max-image-preview:large","max-video-preview":"max-video-preview:-1"},"canonical":"https:\/\/cdgolf33.com\/index.php\/2025\/05\/18\/interclubs-seniors-hommes-finale-2025\/","og_locale":"fr_FR","og_type":"article","og_title":"INTERCLUBS S\u00c9NIORS HOMMES ~ FINALE 2025 - Comit\u00e9 D\u00e9partemental de Golf de Gironde","og_description":"&gt;&gt;&gt; Classement Final S\u00e9niors Hommes 2025","og_url":"https:\/\/cdgolf33.com\/index.php\/2025\/05\/18\/interclubs-seniors-hommes-finale-2025\/","og_site_name":"Comit\u00e9 D\u00e9partemental de Golf de Gironde","article_published_time":"2025-05-18T21:51:27+00:00","article_modified_time":"2025-05-19T08:06:44+00:00","og_image":[{"width":2560,"height":1920,"url":"https:\/\/cdgolf33.com\/wp-content\/uploads\/2025\/05\/IMG_5743-scaled.webp","type":"image\/jpeg"}],"author":"le Comit\u00e9 de Golf de Gironde","twitter_card":"summary_large_image","twitter_creator":"@comitegolf33","twitter_site":"@comitegolf33","twitter_misc":{"\u00c9crit par":"le Comit\u00e9 de Golf de Gironde","Dur\u00e9e de lecture estim\u00e9e":"1 minute"},"schema":{"@context":"https:\/\/schema.org","@graph":[{"@type":"Article","@id":"https:\/\/cdgolf33.com\/index.php\/2025\/05\/18\/interclubs-seniors-hommes-finale-2025\/#article","isPartOf":{"@id":"https:\/\/cdgolf33.com\/index.php\/2025\/05\/18\/interclubs-seniors-hommes-finale-2025\/"},"author":{"name":"le Comit\u00e9 de Golf de Gironde","@id":"https:\/\/cdgolf33.com\/#\/schema\/person\/0fe3a29db97d77dc619597e8963ba0f5"},"headline":"INTERCLUBS S\u00c9NIORS HOMMES ~ FINALE 2025","datePublished":"2025-05-18T21:51:27+00:00","dateModified":"2025-05-19T08:06:44+00:00","mainEntityOfPage":{"@id":"https:\/\/cdgolf33.com\/index.php\/2025\/05\/18\/interclubs-seniors-hommes-finale-2025\/"},"wordCount":98,"publisher":{"@id":"https:\/\/cdgolf33.com\/#organization"},"image":{"@id":"https:\/\/cdgolf33.com\/index.php\/2025\/05\/18\/interclubs-seniors-hommes-finale-2025\/#primaryimage"},"thumbnailUrl":"https:\/\/cdgolf33.com\/wp-content\/uploads\/2025\/05\/IMG_5743-scaled.webp","articleSection":["S\u00e9niors Hommes"],"inLanguage":"fr-FR"},{"@type":"WebPage","@id":"https:\/\/cdgolf33.com\/index.php\/2025\/05\/18\/interclubs-seniors-hommes-finale-2025\/","url":"https:\/\/cdgolf33.com\/index.php\/2025\/05\/18\/interclubs-seniors-hommes-finale-2025\/","name":"INTERCLUBS S\u00c9NIORS HOMMES ~ FINALE 2025 - Comit\u00e9 D\u00e9partemental de Golf de Gironde","isPartOf":{"@id":"https:\/\/cdgolf33.com\/#website"},"primaryImageOfPage":{"@id":"https:\/\/cdgolf33.com\/index.php\/2025\/05\/18\/interclubs-seniors-hommes-finale-2025\/#primaryimage"},"image":{"@id":"https:\/\/cdgolf33.com\/index.php\/2025\/05\/18\/interclubs-seniors-hommes-finale-2025\/#primaryimage"},"thumbnailUrl":"https:\/\/cdgolf33.com\/wp-content\/uploads\/2025\/05\/IMG_5743-scaled.webp","datePublished":"2025-05-18T21:51:27+00:00","dateModified":"2025-05-19T08:06:44+00:00","breadcrumb":{"@id":"https:\/\/cdgolf33.com\/index.php\/2025\/05\/18\/interclubs-seniors-hommes-finale-2025\/#breadcrumb"},"inLanguage":"fr-FR","potentialAction":[{"@type":"ReadAction","target":["https:\/\/cdgolf33.com\/index.php\/2025\/05\/18\/interclubs-seniors-hommes-finale-2025\/"]}]},{"@type":"ImageObject","inLanguage":"fr-FR","@id":"https:\/\/cdgolf33.com\/index.php\/2025\/05\/18\/interclubs-seniors-hommes-finale-2025\/#primaryimage","url":"https:\/\/cdgolf33.com\/wp-content\/uploads\/2025\/05\/IMG_5743-scaled.webp","contentUrl":"https:\/\/cdgolf33.com\/wp-content\/uploads\/2025\/05\/IMG_5743-scaled.webp","width":2560,"height":1920},{"@type":"BreadcrumbList","@id":"https:\/\/cdgolf33.com\/index.php\/2025\/05\/18\/interclubs-seniors-hommes-finale-2025\/#breadcrumb","itemListElement":[{"@type":"ListItem","position":1,"name":"Accueil","item":"https:\/\/cdgolf33.com\/"},{"@type":"ListItem","position":2,"name":"INTERCLUBS S\u00c9NIORS HOMMES ~ FINALE 2025"}]},{"@type":"WebSite","@id":"https:\/\/cdgolf33.com\/#website","url":"https:\/\/cdgolf33.com\/","name":"Comit\u00e9 D\u00e9partemental de Golf de Gironde","description":"Le Comit\u00e9 de Gironde de Golf vous souhaite la bienvenue sur son site !","publisher":{"@id":"https:\/\/cdgolf33.com\/#organization"},"potentialAction":[{"@type":"SearchAction","target":{"@type":"EntryPoint","urlTemplate":"https:\/\/cdgolf33.com\/?s={search_term_string}"},"query-input":{"@type":"PropertyValueSpecification","valueRequired":true,"valueName":"search_term_string"}}],"inLanguage":"fr-FR"},{"@type":"Organization","@id":"https:\/\/cdgolf33.com\/#organization","name":"Comit\u00e9 de Golf de Gironde","url":"https:\/\/cdgolf33.com\/","logo":{"@type":"ImageObject","inLanguage":"fr-FR","@id":"https:\/\/cdgolf33.com\/#\/schema\/logo\/image\/","url":"https:\/\/cdgolf33.com\/wp-content\/uploads\/2019\/05\/LOGOCD33.jpg","contentUrl":"https:\/\/cdgolf33.com\/wp-content\/uploads\/2019\/05\/LOGOCD33.jpg","width":220,"height":233,"caption":"Comit\u00e9 de Golf de Gironde"},"image":{"@id":"https:\/\/cdgolf33.com\/#\/schema\/logo\/image\/"},"sameAs":["https:\/\/x.com\/comitegolf33"]},{"@type":"Person","@id":"https:\/\/cdgolf33.com\/#\/schema\/person\/0fe3a29db97d77dc619597e8963ba0f5","name":"le Comit\u00e9 de Golf de Gironde","image":{"@type":"ImageObject","inLanguage":"fr-FR","@id":"https:\/\/secure.gravatar.com\/avatar\/7d0f051f071526df9cb148fdbc91d08090dd58d68fc15de4c9d807e08b07f6c9?s=96&d=mm&r=g","url":"https:\/\/secure.gravatar.com\/avatar\/7d0f051f071526df9cb148fdbc91d08090dd58d68fc15de4c9d807e08b07f6c9?s=96&d=mm&r=g","contentUrl":"https:\/\/secure.gravatar.com\/avatar\/7d0f051f071526df9cb148fdbc91d08090dd58d68fc15de4c9d807e08b07f6c9?s=96&d=mm&r=g","caption":"le Comit\u00e9 de Golf de Gironde"}}]}},"_links":{"self":[{"href":"https:\/\/cdgolf33.com\/index.php\/wp-json\/wp\/v2\/posts\/10858","targetHints":{"allow":["GET"]}}],"collection":[{"href":"https:\/\/cdgolf33.com\/index.php\/wp-json\/wp\/v2\/posts"}],"about":[{"href":"https:\/\/cdgolf33.com\/index.php\/wp-json\/wp\/v2\/types\/post"}],"author":[{"embeddable":true,"href":"https:\/\/cdgolf33.com\/index.php\/wp-json\/wp\/v2\/users\/1"}],"replies":[{"embeddable":true,"href":"https:\/\/cdgolf33.com\/index.php\/wp-json\/wp\/v2\/comments?post=10858"}],"version-history":[{"count":5,"href":"https:\/\/cdgolf33.com\/index.php\/wp-json\/wp\/v2\/posts\/10858\/revisions"}],"predecessor-version":[{"id":10869,"href":"https:\/\/cdgolf33.com\/index.php\/wp-json\/wp\/v2\/posts\/10858\/revisions\/10869"}],"wp:attachment":[{"href":"https:\/\/cdgolf33.com\/index.php\/wp-json\/wp\/v2\/media?parent=10858"}],"wp:term":[{"taxonomy":"category","embeddable":true,"href":"https:\/\/cdgolf33.com\/index.php\/wp-json\/wp\/v2\/categories?post=10858"},{"taxonomy":"post_tag","embeddable":true,"href":"https:\/\/cdgolf33.com\/index.php\/wp-json\/wp\/v2\/tags?post=10858"}],"curies":[{"name":"wp","href":"https:\/\/api.w.org\/{rel}","templated":true}]}}