{"id":14804,"date":"2026-09-03T19:20:15","date_gmt":"2026-09-03T17:20:15","guid":{"rendered":"https:\/\/cdgolf33.com\/?p=14804"},"modified":"2026-09-03T19:21:29","modified_gmt":"2026-09-03T17:21:29","slug":"departs-circuit-espoir-de-gironde-t2-06-septembre-2026","status":"publish","type":"post","link":"https:\/\/cdgolf33.com\/index.php\/2026\/09\/03\/departs-circuit-espoir-de-gironde-t2-06-septembre-2026\/","title":{"rendered":"D\u00c9PARTS &#8211; CIRCUIT ESPOIR DE GIRONDE &#8211; T2 &#8211; 06 SEPTEMBRE 2026"},"content":{"rendered":"<div style=\"max-width: 900px; margin: 0 auto; font-family: Arial,sans-serif; line-height: 1.7; color: #333;\">\n<div style=\"background: #fff8e1; padding: 25px; border-radius: 12px; border-left: 6px solid #e65100; margin-bottom: 25px;\">\n<h3 style=\"color: #e65100; margin-top: 0;\">\u26a0\ufe0f Acc\u00e8s au golf : fermetures de routes (Triathlon de Bordeaux)<\/h3>\n<p style=\"margin-bottom: 10px;\">\ud83d\uddd3\ufe0f <strong>Samedi 5 et dimanche 6 septembre<\/strong><\/p>\n<p style=\"margin-bottom: 10px;\">\ud83d\udd12 <strong>Axes ferm\u00e9s :<\/strong> All\u00e9e du Bois, Avenue Port du Roy<\/p>\n<p style=\"margin-bottom: 10px;\">\ud83d\udd54 <strong>Horaires pr\u00e9visionnels de fermeture :<\/strong> le samedi de 8h00 \u00e0 16h30 et le dimanche de 7h30 \u00e0 13h30<\/p>\n<p style=\"margin-bottom: 0;\">\ud83d\udccd <strong>Itin\u00e9raire conseill\u00e9 :<\/strong> passer par l&rsquo;avenue de Labarde, puis l&rsquo;avenue du Golf.<\/p>\n<p style=\"margin-bottom: 0; margin-top: 15px;\"><em>Merci d&rsquo;anticiper votre trajet afin d&rsquo;arriver au Starter dans les temps.<\/em><\/p>\n<p><img fetchpriority=\"high\" decoding=\"async\" src=\"https:\/\/cdgolf33.com\/wp-content\/uploads\/2026\/09\/3b9de5cc-e9ae-d585-935f-4eed736a20bf-300x300.webp\" alt=\"\" width=\"300\" height=\"300\" class=\"size-medium wp-image-14808 aligncenter\" srcset=\"https:\/\/cdgolf33.com\/wp-content\/uploads\/2026\/09\/3b9de5cc-e9ae-d585-935f-4eed736a20bf-300x300.webp 300w, https:\/\/cdgolf33.com\/wp-content\/uploads\/2026\/09\/3b9de5cc-e9ae-d585-935f-4eed736a20bf-1024x1024.webp 1024w, https:\/\/cdgolf33.com\/wp-content\/uploads\/2026\/09\/3b9de5cc-e9ae-d585-935f-4eed736a20bf-150x150.webp 150w, https:\/\/cdgolf33.com\/wp-content\/uploads\/2026\/09\/3b9de5cc-e9ae-d585-935f-4eed736a20bf-768x768.webp 768w, https:\/\/cdgolf33.com\/wp-content\/uploads\/2026\/09\/3b9de5cc-e9ae-d585-935f-4eed736a20bf.webp 1080w\" sizes=\"(max-width: 300px) 100vw, 300px\" \/><\/p>\n<\/div>\n<div style=\"background: #f8f9fa; padding: 30px; border-radius: 12px; border-left: 6px solid #009245;\">\n<p>Bonjour \u00e0 tous,<\/p>\n<p>Vous trouverez ci-dessous les <strong>d\u00e9parts pour le 2\u00e8me tour du Circuit Espoir de Gironde<\/strong>, qui aura lieu le <strong>dimanche 6 septembre<\/strong> sur le <strong>parcours compact du golf de Bordeaux Lac \u00e0 9h00<\/strong>.<\/p>\n<p>Nous vous rappelons que les <strong>r\u00e8glements g\u00e9n\u00e9raux des \u00e9preuves de jeunes s&rsquo;appliquent<\/strong>, \u00e0 savoir :<\/p>\n<ul>\n<li>\u00c9preuves \u00ab non-fumeur \u00bb.<\/li>\n<li>Les joueurs doivent avoir une tenue correcte et un comportement exemplaire (cf. R\u00e8glement G\u00e9n\u00e9ral sur le Vade-mecum en vigueur).<\/li>\n<li>Les cadets ne sont pas autoris\u00e9s, m\u00eame pour les joueurs entre eux.<\/li>\n<li>L&rsquo;utilisation des chariots \u00e9lectriques n&rsquo;est pas autoris\u00e9e.<\/li>\n<li>En cas de triche, de comportement inappropri\u00e9 sur le parcours et contraire \u00e0 l&rsquo;esprit sportif, le Comit\u00e9 D\u00e9partemental infligera une suspension de 3 mois au joueur.<\/li>\n<li>Aucun parent ne sera admis sur le parcours, sauf s&rsquo;il est d\u00e9sign\u00e9 marqueur d&rsquo;une partie par le Comit\u00e9 D\u00e9partemental.<\/li>\n<li>Un contr\u00f4le trou par trou sera fait par l&rsquo;adulte marqueur. Celui-ci se verra remettre une fiche de la ffgolf \u00ab Suiveur de partie en comp\u00e9tition \u00bb.<\/li>\n<li>Aucun parent ne pourra suivre la partie de son enfant.<\/li>\n<li>Toute infraction aux r\u00e8gles ci-dessus entra\u00eene, apr\u00e8s un avertissement, la disqualification du joueur.<\/li>\n<li>\u00c0 l&rsquo;issue des 3 tours, des r\u00e9compenses seront remises aux joueurs ayant particip\u00e9 aux 3 \u00e9preuves.<\/li>\n<\/ul>\n<p><strong>Informations pratiques :<\/strong><\/p>\n<ul>\n<li>Les parents ne doivent pas suivre les parties de leurs enfants : <strong>des encadrants seront mobilis\u00e9s<\/strong> pour vos enfants sur le parcours.<\/li>\n<li>Pour des raisons d&rsquo;organisation et pour le rythme des d\u00e9parts, nous demandons aux enfants d&rsquo;\u00eatre pr\u00e9sents au <strong>Starter 15 minutes avant l&rsquo;heure de d\u00e9part<\/strong>.<\/li>\n<li>Les enfants devront venir <strong>directement au d\u00e9part du tee 1<\/strong> du parcours, o\u00f9 on leur remettra leur carte de score.<\/li>\n<li>En cas de forfait, merci de nous pr\u00e9venir au plus vite.<\/li>\n<\/ul>\n<p style=\"margin-bottom: 0;\"><strong>Prochain rendez-vous : 3\u00e8me tour du Circuit Espoir de Gironde, le dimanche 20 septembre au golf du Baganais.<\/strong><\/p>\n<\/div>\n<div style=\"text-align: center; margin: 30px 0;\"><a href=\"https:\/\/cdgolf33.com\/wp-content\/uploads\/2026\/09\/DEPARTS-CEG-BORDEAUX-LAC-T2-6-SEPTEMBRE-2026.pdf\" target=\"_blank\" style=\"display: inline-block; background: #009245; color: white; padding: 15px 30px; border-radius: 50px; text-decoration: none; font-weight: bold; font-size: 18px;\" rel=\"noopener\">\ud83d\udcc4 Consulter les d\u00e9parts<\/a><\/div>\n<\/div>\n","protected":false},"excerpt":{"rendered":"<p>\u26a0\ufe0f Acc\u00e8s au golf : fermetures de routes (Triathlon de Bordeaux) \ud83d\uddd3\ufe0f Samedi 5 et dimanche 6 septembre \ud83d\udd12 Axes ferm\u00e9s : All\u00e9e du Bois, Avenue Port du Roy \ud83d\udd54 Horaires pr\u00e9visionnels de fermeture : le samedi de 8h00 \u00e0 16h30 et le dimanche de 7h30 \u00e0 13h30 \ud83d\udccd Itin\u00e9raire [&hellip;]<\/p>\n","protected":false},"author":1,"featured_media":0,"comment_status":"closed","ping_status":"closed","sticky":false,"template":"","format":"standard","meta":{"footnotes":""},"categories":[6],"tags":[],"class_list":["post-14804","post","type-post","status-publish","format-standard","hentry","category-jeunes-ceg"],"yoast_head":"<!-- This site is optimized with the Yoast SEO plugin v28.4 - https:\/\/yoast.com\/product\/yoast-seo-wordpress\/ -->\n<title>D\u00c9PARTS - CIRCUIT ESPOIR DE GIRONDE - T2 - 06 SEPTEMBRE 2026 - Comit\u00e9 D\u00e9partemental de Golf de Gironde<\/title>\n<meta name=\"robots\" content=\"index, follow, max-snippet:-1, max-image-preview:large, max-video-preview:-1\" \/>\n<link rel=\"canonical\" href=\"https:\/\/cdgolf33.com\/index.php\/2026\/09\/03\/departs-circuit-espoir-de-gironde-t2-06-septembre-2026\/\" \/>\n<meta property=\"og:locale\" content=\"fr_FR\" \/>\n<meta property=\"og:type\" content=\"article\" \/>\n<meta property=\"og:title\" content=\"D\u00c9PARTS - CIRCUIT ESPOIR DE GIRONDE - T2 - 06 SEPTEMBRE 2026 - Comit\u00e9 D\u00e9partemental de Golf de Gironde\" \/>\n<meta property=\"og:description\" content=\"\u26a0\ufe0f Acc\u00e8s au golf : fermetures de routes (Triathlon de Bordeaux) \ud83d\uddd3\ufe0f Samedi 5 et dimanche 6 septembre \ud83d\udd12 Axes ferm\u00e9s : All\u00e9e du Bois, Avenue Port du Roy \ud83d\udd54 Horaires pr\u00e9visionnels de fermeture : le samedi de 8h00 \u00e0 16h30 et le dimanche de 7h30 \u00e0 13h30 \ud83d\udccd Itin\u00e9raire [&hellip;]\" \/>\n<meta property=\"og:url\" content=\"https:\/\/cdgolf33.com\/index.php\/2026\/09\/03\/departs-circuit-espoir-de-gironde-t2-06-septembre-2026\/\" \/>\n<meta property=\"og:site_name\" content=\"Comit\u00e9 D\u00e9partemental de Golf de Gironde\" \/>\n<meta property=\"article:published_time\" content=\"2026-09-03T17:20:15+00:00\" \/>\n<meta property=\"article:modified_time\" content=\"2026-09-03T17:21:29+00:00\" \/>\n<meta property=\"og:image\" content=\"https:\/\/cdgolf33.com\/wp-content\/uploads\/2026\/09\/3b9de5cc-e9ae-d585-935f-4eed736a20bf.webp\" \/>\n\t<meta property=\"og:image:width\" content=\"1080\" \/>\n\t<meta property=\"og:image:height\" content=\"1080\" \/>\n\t<meta property=\"og:image:type\" content=\"image\/jpeg\" \/>\n<meta name=\"author\" content=\"le Comit\u00e9 de Golf de Gironde\" \/>\n<meta name=\"twitter:card\" content=\"summary_large_image\" \/>\n<meta name=\"twitter:creator\" content=\"@comitegolf33\" \/>\n<meta name=\"twitter:site\" content=\"@comitegolf33\" \/>\n<meta name=\"twitter:label1\" content=\"\u00c9crit par\" \/>\n\t<meta name=\"twitter:data1\" content=\"le Comit\u00e9 de Golf de Gironde\" \/>\n\t<meta name=\"twitter:label2\" content=\"Dur\u00e9e de lecture estim\u00e9e\" \/>\n\t<meta name=\"twitter:data2\" content=\"3 minutes\" \/>\n<script type=\"application\/ld+json\" class=\"yoast-schema-graph\">{\"@context\":\"https:\\\/\\\/schema.org\",\"@graph\":[{\"@type\":\"Article\",\"@id\":\"https:\\\/\\\/cdgolf33.com\\\/index.php\\\/2026\\\/09\\\/03\\\/departs-circuit-espoir-de-gironde-t2-06-septembre-2026\\\/#article\",\"isPartOf\":{\"@id\":\"https:\\\/\\\/cdgolf33.com\\\/index.php\\\/2026\\\/09\\\/03\\\/departs-circuit-espoir-de-gironde-t2-06-septembre-2026\\\/\"},\"author\":{\"name\":\"le Comit\u00e9 de Golf de Gironde\",\"@id\":\"https:\\\/\\\/cdgolf33.com\\\/#\\\/schema\\\/person\\\/0fe3a29db97d77dc619597e8963ba0f5\"},\"headline\":\"D\u00c9PARTS &#8211; CIRCUIT ESPOIR DE GIRONDE &#8211; T2 &#8211; 06 SEPTEMBRE 2026\",\"datePublished\":\"2026-09-03T17:20:15+00:00\",\"dateModified\":\"2026-09-03T17:21:29+00:00\",\"mainEntityOfPage\":{\"@id\":\"https:\\\/\\\/cdgolf33.com\\\/index.php\\\/2026\\\/09\\\/03\\\/departs-circuit-espoir-de-gironde-t2-06-septembre-2026\\\/\"},\"wordCount\":399,\"publisher\":{\"@id\":\"https:\\\/\\\/cdgolf33.com\\\/#organization\"},\"image\":{\"@id\":\"https:\\\/\\\/cdgolf33.com\\\/index.php\\\/2026\\\/09\\\/03\\\/departs-circuit-espoir-de-gironde-t2-06-septembre-2026\\\/#primaryimage\"},\"thumbnailUrl\":\"https:\\\/\\\/cdgolf33.com\\\/wp-content\\\/uploads\\\/2026\\\/09\\\/3b9de5cc-e9ae-d585-935f-4eed736a20bf-300x300.webp\",\"articleSection\":[\"Jeunes ~ CEG\"],\"inLanguage\":\"fr-FR\"},{\"@type\":\"WebPage\",\"@id\":\"https:\\\/\\\/cdgolf33.com\\\/index.php\\\/2026\\\/09\\\/03\\\/departs-circuit-espoir-de-gironde-t2-06-septembre-2026\\\/\",\"url\":\"https:\\\/\\\/cdgolf33.com\\\/index.php\\\/2026\\\/09\\\/03\\\/departs-circuit-espoir-de-gironde-t2-06-septembre-2026\\\/\",\"name\":\"D\u00c9PARTS - CIRCUIT ESPOIR DE GIRONDE - T2 - 06 SEPTEMBRE 2026 - Comit\u00e9 D\u00e9partemental de Golf de Gironde\",\"isPartOf\":{\"@id\":\"https:\\\/\\\/cdgolf33.com\\\/#website\"},\"primaryImageOfPage\":{\"@id\":\"https:\\\/\\\/cdgolf33.com\\\/index.php\\\/2026\\\/09\\\/03\\\/departs-circuit-espoir-de-gironde-t2-06-septembre-2026\\\/#primaryimage\"},\"image\":{\"@id\":\"https:\\\/\\\/cdgolf33.com\\\/index.php\\\/2026\\\/09\\\/03\\\/departs-circuit-espoir-de-gironde-t2-06-septembre-2026\\\/#primaryimage\"},\"thumbnailUrl\":\"https:\\\/\\\/cdgolf33.com\\\/wp-content\\\/uploads\\\/2026\\\/09\\\/3b9de5cc-e9ae-d585-935f-4eed736a20bf-300x300.webp\",\"datePublished\":\"2026-09-03T17:20:15+00:00\",\"dateModified\":\"2026-09-03T17:21:29+00:00\",\"breadcrumb\":{\"@id\":\"https:\\\/\\\/cdgolf33.com\\\/index.php\\\/2026\\\/09\\\/03\\\/departs-circuit-espoir-de-gironde-t2-06-septembre-2026\\\/#breadcrumb\"},\"inLanguage\":\"fr-FR\",\"potentialAction\":[{\"@type\":\"ReadAction\",\"target\":[\"https:\\\/\\\/cdgolf33.com\\\/index.php\\\/2026\\\/09\\\/03\\\/departs-circuit-espoir-de-gironde-t2-06-septembre-2026\\\/\"]}]},{\"@type\":\"ImageObject\",\"inLanguage\":\"fr-FR\",\"@id\":\"https:\\\/\\\/cdgolf33.com\\\/index.php\\\/2026\\\/09\\\/03\\\/departs-circuit-espoir-de-gironde-t2-06-septembre-2026\\\/#primaryimage\",\"url\":\"https:\\\/\\\/cdgolf33.com\\\/wp-content\\\/uploads\\\/2026\\\/09\\\/3b9de5cc-e9ae-d585-935f-4eed736a20bf.webp\",\"contentUrl\":\"https:\\\/\\\/cdgolf33.com\\\/wp-content\\\/uploads\\\/2026\\\/09\\\/3b9de5cc-e9ae-d585-935f-4eed736a20bf.webp\",\"width\":1080,\"height\":1080},{\"@type\":\"BreadcrumbList\",\"@id\":\"https:\\\/\\\/cdgolf33.com\\\/index.php\\\/2026\\\/09\\\/03\\\/departs-circuit-espoir-de-gironde-t2-06-septembre-2026\\\/#breadcrumb\",\"itemListElement\":[{\"@type\":\"ListItem\",\"position\":1,\"name\":\"Accueil\",\"item\":\"https:\\\/\\\/cdgolf33.com\\\/\"},{\"@type\":\"ListItem\",\"position\":2,\"name\":\"D\u00c9PARTS &#8211; CIRCUIT ESPOIR DE GIRONDE &#8211; T2 &#8211; 06 SEPTEMBRE 2026\"}]},{\"@type\":\"WebSite\",\"@id\":\"https:\\\/\\\/cdgolf33.com\\\/#website\",\"url\":\"https:\\\/\\\/cdgolf33.com\\\/\",\"name\":\"Comit\u00e9 D\u00e9partemental de Golf de Gironde\",\"description\":\"Le Comit\u00e9 de Golf de la Gironde vous souhaite la bienvenue sur son site !\",\"publisher\":{\"@id\":\"https:\\\/\\\/cdgolf33.com\\\/#organization\"},\"potentialAction\":[{\"@type\":\"SearchAction\",\"target\":{\"@type\":\"EntryPoint\",\"urlTemplate\":\"https:\\\/\\\/cdgolf33.com\\\/?s={search_term_string}\"},\"query-input\":{\"@type\":\"PropertyValueSpecification\",\"valueRequired\":true,\"valueName\":\"search_term_string\"}}],\"inLanguage\":\"fr-FR\"},{\"@type\":\"Organization\",\"@id\":\"https:\\\/\\\/cdgolf33.com\\\/#organization\",\"name\":\"Comit\u00e9 de Golf de Gironde\",\"url\":\"https:\\\/\\\/cdgolf33.com\\\/\",\"logo\":{\"@type\":\"ImageObject\",\"inLanguage\":\"fr-FR\",\"@id\":\"https:\\\/\\\/cdgolf33.com\\\/#\\\/schema\\\/logo\\\/image\\\/\",\"url\":\"https:\\\/\\\/cdgolf33.com\\\/wp-content\\\/uploads\\\/2019\\\/05\\\/LOGOCD33.jpg\",\"contentUrl\":\"https:\\\/\\\/cdgolf33.com\\\/wp-content\\\/uploads\\\/2019\\\/05\\\/LOGOCD33.jpg\",\"width\":220,\"height\":233,\"caption\":\"Comit\u00e9 de Golf de Gironde\"},\"image\":{\"@id\":\"https:\\\/\\\/cdgolf33.com\\\/#\\\/schema\\\/logo\\\/image\\\/\"},\"sameAs\":[\"https:\\\/\\\/x.com\\\/comitegolf33\"]},{\"@type\":\"Person\",\"@id\":\"https:\\\/\\\/cdgolf33.com\\\/#\\\/schema\\\/person\\\/0fe3a29db97d77dc619597e8963ba0f5\",\"name\":\"le Comit\u00e9 de Golf de Gironde\",\"image\":{\"@type\":\"ImageObject\",\"inLanguage\":\"fr-FR\",\"@id\":\"https:\\\/\\\/secure.gravatar.com\\\/avatar\\\/7d0f051f071526df9cb148fdbc91d08090dd58d68fc15de4c9d807e08b07f6c9?s=96&d=mm&r=g\",\"url\":\"https:\\\/\\\/secure.gravatar.com\\\/avatar\\\/7d0f051f071526df9cb148fdbc91d08090dd58d68fc15de4c9d807e08b07f6c9?s=96&d=mm&r=g\",\"contentUrl\":\"https:\\\/\\\/secure.gravatar.com\\\/avatar\\\/7d0f051f071526df9cb148fdbc91d08090dd58d68fc15de4c9d807e08b07f6c9?s=96&d=mm&r=g\",\"caption\":\"le Comit\u00e9 de Golf de Gironde\"}}]}<\/script>\n<!-- \/ Yoast SEO plugin. -->","yoast_head_json":{"title":"D\u00c9PARTS - CIRCUIT ESPOIR DE GIRONDE - T2 - 06 SEPTEMBRE 2026 - Comit\u00e9 D\u00e9partemental de Golf de Gironde","robots":{"index":"index","follow":"follow","max-snippet":"max-snippet:-1","max-image-preview":"max-image-preview:large","max-video-preview":"max-video-preview:-1"},"canonical":"https:\/\/cdgolf33.com\/index.php\/2026\/09\/03\/departs-circuit-espoir-de-gironde-t2-06-septembre-2026\/","og_locale":"fr_FR","og_type":"article","og_title":"D\u00c9PARTS - CIRCUIT ESPOIR DE GIRONDE - T2 - 06 SEPTEMBRE 2026 - Comit\u00e9 D\u00e9partemental de Golf de Gironde","og_description":"\u26a0\ufe0f Acc\u00e8s au golf : fermetures de routes (Triathlon de Bordeaux) \ud83d\uddd3\ufe0f Samedi 5 et dimanche 6 septembre \ud83d\udd12 Axes ferm\u00e9s : All\u00e9e du Bois, Avenue Port du Roy \ud83d\udd54 Horaires pr\u00e9visionnels de fermeture : le samedi de 8h00 \u00e0 16h30 et le dimanche de 7h30 \u00e0 13h30 \ud83d\udccd Itin\u00e9raire [&hellip;]","og_url":"https:\/\/cdgolf33.com\/index.php\/2026\/09\/03\/departs-circuit-espoir-de-gironde-t2-06-septembre-2026\/","og_site_name":"Comit\u00e9 D\u00e9partemental de Golf de Gironde","article_published_time":"2026-09-03T17:20:15+00:00","article_modified_time":"2026-09-03T17:21:29+00:00","og_image":[{"width":1080,"height":1080,"url":"https:\/\/cdgolf33.com\/wp-content\/uploads\/2026\/09\/3b9de5cc-e9ae-d585-935f-4eed736a20bf.webp","type":"image\/jpeg"}],"author":"le Comit\u00e9 de Golf de Gironde","twitter_card":"summary_large_image","twitter_creator":"@comitegolf33","twitter_site":"@comitegolf33","twitter_misc":{"\u00c9crit par":"le Comit\u00e9 de Golf de Gironde","Dur\u00e9e de lecture estim\u00e9e":"3 minutes"},"schema":{"@context":"https:\/\/schema.org","@graph":[{"@type":"Article","@id":"https:\/\/cdgolf33.com\/index.php\/2026\/09\/03\/departs-circuit-espoir-de-gironde-t2-06-septembre-2026\/#article","isPartOf":{"@id":"https:\/\/cdgolf33.com\/index.php\/2026\/09\/03\/departs-circuit-espoir-de-gironde-t2-06-septembre-2026\/"},"author":{"name":"le Comit\u00e9 de Golf de Gironde","@id":"https:\/\/cdgolf33.com\/#\/schema\/person\/0fe3a29db97d77dc619597e8963ba0f5"},"headline":"D\u00c9PARTS &#8211; CIRCUIT ESPOIR DE GIRONDE &#8211; T2 &#8211; 06 SEPTEMBRE 2026","datePublished":"2026-09-03T17:20:15+00:00","dateModified":"2026-09-03T17:21:29+00:00","mainEntityOfPage":{"@id":"https:\/\/cdgolf33.com\/index.php\/2026\/09\/03\/departs-circuit-espoir-de-gironde-t2-06-septembre-2026\/"},"wordCount":399,"publisher":{"@id":"https:\/\/cdgolf33.com\/#organization"},"image":{"@id":"https:\/\/cdgolf33.com\/index.php\/2026\/09\/03\/departs-circuit-espoir-de-gironde-t2-06-septembre-2026\/#primaryimage"},"thumbnailUrl":"https:\/\/cdgolf33.com\/wp-content\/uploads\/2026\/09\/3b9de5cc-e9ae-d585-935f-4eed736a20bf-300x300.webp","articleSection":["Jeunes ~ CEG"],"inLanguage":"fr-FR"},{"@type":"WebPage","@id":"https:\/\/cdgolf33.com\/index.php\/2026\/09\/03\/departs-circuit-espoir-de-gironde-t2-06-septembre-2026\/","url":"https:\/\/cdgolf33.com\/index.php\/2026\/09\/03\/departs-circuit-espoir-de-gironde-t2-06-septembre-2026\/","name":"D\u00c9PARTS - CIRCUIT ESPOIR DE GIRONDE - T2 - 06 SEPTEMBRE 2026 - Comit\u00e9 D\u00e9partemental de Golf de Gironde","isPartOf":{"@id":"https:\/\/cdgolf33.com\/#website"},"primaryImageOfPage":{"@id":"https:\/\/cdgolf33.com\/index.php\/2026\/09\/03\/departs-circuit-espoir-de-gironde-t2-06-septembre-2026\/#primaryimage"},"image":{"@id":"https:\/\/cdgolf33.com\/index.php\/2026\/09\/03\/departs-circuit-espoir-de-gironde-t2-06-septembre-2026\/#primaryimage"},"thumbnailUrl":"https:\/\/cdgolf33.com\/wp-content\/uploads\/2026\/09\/3b9de5cc-e9ae-d585-935f-4eed736a20bf-300x300.webp","datePublished":"2026-09-03T17:20:15+00:00","dateModified":"2026-09-03T17:21:29+00:00","breadcrumb":{"@id":"https:\/\/cdgolf33.com\/index.php\/2026\/09\/03\/departs-circuit-espoir-de-gironde-t2-06-septembre-2026\/#breadcrumb"},"inLanguage":"fr-FR","potentialAction":[{"@type":"ReadAction","target":["https:\/\/cdgolf33.com\/index.php\/2026\/09\/03\/departs-circuit-espoir-de-gironde-t2-06-septembre-2026\/"]}]},{"@type":"ImageObject","inLanguage":"fr-FR","@id":"https:\/\/cdgolf33.com\/index.php\/2026\/09\/03\/departs-circuit-espoir-de-gironde-t2-06-septembre-2026\/#primaryimage","url":"https:\/\/cdgolf33.com\/wp-content\/uploads\/2026\/09\/3b9de5cc-e9ae-d585-935f-4eed736a20bf.webp","contentUrl":"https:\/\/cdgolf33.com\/wp-content\/uploads\/2026\/09\/3b9de5cc-e9ae-d585-935f-4eed736a20bf.webp","width":1080,"height":1080},{"@type":"BreadcrumbList","@id":"https:\/\/cdgolf33.com\/index.php\/2026\/09\/03\/departs-circuit-espoir-de-gironde-t2-06-septembre-2026\/#breadcrumb","itemListElement":[{"@type":"ListItem","position":1,"name":"Accueil","item":"https:\/\/cdgolf33.com\/"},{"@type":"ListItem","position":2,"name":"D\u00c9PARTS &#8211; CIRCUIT ESPOIR DE GIRONDE &#8211; T2 &#8211; 06 SEPTEMBRE 2026"}]},{"@type":"WebSite","@id":"https:\/\/cdgolf33.com\/#website","url":"https:\/\/cdgolf33.com\/","name":"Comit\u00e9 D\u00e9partemental de Golf de Gironde","description":"Le Comit\u00e9 de Golf de la Gironde vous souhaite la bienvenue sur son site !","publisher":{"@id":"https:\/\/cdgolf33.com\/#organization"},"potentialAction":[{"@type":"SearchAction","target":{"@type":"EntryPoint","urlTemplate":"https:\/\/cdgolf33.com\/?s={search_term_string}"},"query-input":{"@type":"PropertyValueSpecification","valueRequired":true,"valueName":"search_term_string"}}],"inLanguage":"fr-FR"},{"@type":"Organization","@id":"https:\/\/cdgolf33.com\/#organization","name":"Comit\u00e9 de Golf de Gironde","url":"https:\/\/cdgolf33.com\/","logo":{"@type":"ImageObject","inLanguage":"fr-FR","@id":"https:\/\/cdgolf33.com\/#\/schema\/logo\/image\/","url":"https:\/\/cdgolf33.com\/wp-content\/uploads\/2019\/05\/LOGOCD33.jpg","contentUrl":"https:\/\/cdgolf33.com\/wp-content\/uploads\/2019\/05\/LOGOCD33.jpg","width":220,"height":233,"caption":"Comit\u00e9 de Golf de Gironde"},"image":{"@id":"https:\/\/cdgolf33.com\/#\/schema\/logo\/image\/"},"sameAs":["https:\/\/x.com\/comitegolf33"]},{"@type":"Person","@id":"https:\/\/cdgolf33.com\/#\/schema\/person\/0fe3a29db97d77dc619597e8963ba0f5","name":"le Comit\u00e9 de Golf de Gironde","image":{"@type":"ImageObject","inLanguage":"fr-FR","@id":"https:\/\/secure.gravatar.com\/avatar\/7d0f051f071526df9cb148fdbc91d08090dd58d68fc15de4c9d807e08b07f6c9?s=96&d=mm&r=g","url":"https:\/\/secure.gravatar.com\/avatar\/7d0f051f071526df9cb148fdbc91d08090dd58d68fc15de4c9d807e08b07f6c9?s=96&d=mm&r=g","contentUrl":"https:\/\/secure.gravatar.com\/avatar\/7d0f051f071526df9cb148fdbc91d08090dd58d68fc15de4c9d807e08b07f6c9?s=96&d=mm&r=g","caption":"le Comit\u00e9 de Golf de Gironde"}}]}},"_links":{"self":[{"href":"https:\/\/cdgolf33.com\/index.php\/wp-json\/wp\/v2\/posts\/14804","targetHints":{"allow":["GET"]}}],"collection":[{"href":"https:\/\/cdgolf33.com\/index.php\/wp-json\/wp\/v2\/posts"}],"about":[{"href":"https:\/\/cdgolf33.com\/index.php\/wp-json\/wp\/v2\/types\/post"}],"author":[{"embeddable":true,"href":"https:\/\/cdgolf33.com\/index.php\/wp-json\/wp\/v2\/users\/1"}],"replies":[{"embeddable":true,"href":"https:\/\/cdgolf33.com\/index.php\/wp-json\/wp\/v2\/comments?post=14804"}],"version-history":[{"count":3,"href":"https:\/\/cdgolf33.com\/index.php\/wp-json\/wp\/v2\/posts\/14804\/revisions"}],"predecessor-version":[{"id":14809,"href":"https:\/\/cdgolf33.com\/index.php\/wp-json\/wp\/v2\/posts\/14804\/revisions\/14809"}],"wp:attachment":[{"href":"https:\/\/cdgolf33.com\/index.php\/wp-json\/wp\/v2\/media?parent=14804"}],"wp:term":[{"taxonomy":"category","embeddable":true,"href":"https:\/\/cdgolf33.com\/index.php\/wp-json\/wp\/v2\/categories?post=14804"},{"taxonomy":"post_tag","embeddable":true,"href":"https:\/\/cdgolf33.com\/index.php\/wp-json\/wp\/v2\/tags?post=14804"}],"curies":[{"name":"wp","href":"https:\/\/api.w.org\/{rel}","templated":true}]}}