{"id":3708,"date":"2018-06-12T11:14:28","date_gmt":"2018-06-12T10:14:28","guid":{"rendered":"http:\/\/www.cdgolf33.com\/?p=3708"},"modified":"2018-06-12T11:14:28","modified_gmt":"2018-06-12T10:14:28","slug":"golf-au-feminin-a-teynac-le-5-mai-2018","status":"publish","type":"post","link":"https:\/\/cdgolf33.com\/index.php\/2018\/06\/12\/golf-au-feminin-a-teynac-le-5-mai-2018\/","title":{"rendered":"GOLF AU FEMININ A TEYNAC LE 5 MAI 2018"},"content":{"rendered":"<p>\t\t\t\tLe samedi 5 mai, la journ\u00e9e du \u00ab\u00a0Golf au F\u00e9minin\u00a0\u00bb a eu lieu sur le parcours du Golf de Teynac.<\/p>\n<p>Ce sont 25 participantes qui se sont retrouv\u00e9es pour des d\u00e9parts \u00e0 partir de 13h30 sous un magnifique soleil qui nous a enchant\u00e9es toute la journ\u00e9e!<\/p>\n<p>Les d\u00e9butantes \u00e9tant tr\u00e8s nombreuses, c&rsquo;est une confirm\u00e9e et deux d\u00e9butantes! qui sont parties sur le parcours en formule \u00ab\u00a0scramble\u00a0\u00bb pour 9 trous.<\/p>\n<p>Celles-ci ont pu taper tous les coups , avec tous les clubs !<\/p>\n<p>Et cette belle apr\u00e8s-midi s&rsquo;est termin\u00e9e avec un pot de l&rsquo;amiti\u00e9 offert par l&rsquo;AS de Teynac et toutes nos participantes sont reparties avec leur pochette \u00ab\u00a0Yves Rocher\u00a0\u00bb offertes par le Comit\u00e9 D\u00e9partemental de Golf.<\/p>\n<p>Toutes ces dames sont reparties ravies et pr\u00eates \u00e0 recommencer!<\/p>\n<p>Je tiens \u00e0 remercier Emilie Beney pour l&rsquo;organisation, les dames \u00ab\u00a0confirm\u00e9es\u00a0\u00bb de Teynac pour leur gentillesse et leur participation, Vincent Dubois pour le pr\u00eat du parcours, l&rsquo;AS de Teynac pour les boissons et les g\u00e2teaux et le Comit\u00e9 D\u00e9partemental pour les cadeaux.<\/p>\n<p>Isabelle DORET<\/p>\n<p><a href=\"http:\/\/www.cdgolf33.com\/wp-content\/uploads\/2018\/06\/golffeminin.png\"><img fetchpriority=\"high\" decoding=\"async\" class=\"aligncenter wp-image-3709 size-full\" src=\"http:\/\/www.cdgolf33.com\/wp-content\/uploads\/2018\/06\/golffeminin.png\" alt=\"\" width=\"914\" height=\"685\" \/><\/a>\t\t<\/p>\n","protected":false},"excerpt":{"rendered":"<p>Le samedi 5 mai, la journ\u00e9e du \u00ab\u00a0Golf au F\u00e9minin\u00a0\u00bb a eu lieu sur le parcours du Golf de Teynac. Ce sont 25 participantes qui se sont retrouv\u00e9es pour des d\u00e9parts \u00e0 partir de 13h30 sous un magnifique soleil qui nous a enchant\u00e9es toute la journ\u00e9e! Les d\u00e9butantes \u00e9tant tr\u00e8s [&hellip;]<\/p>\n","protected":false},"author":1,"featured_media":0,"comment_status":"closed","ping_status":"open","sticky":false,"template":"","format":"standard","meta":{"footnotes":""},"categories":[13],"tags":[],"class_list":["post-3708","post","type-post","status-publish","format-standard","hentry","category-nouvelles"],"yoast_head":"<!-- This site is optimized with the Yoast SEO plugin v27.5 - https:\/\/yoast.com\/product\/yoast-seo-wordpress\/ -->\n<title>GOLF AU FEMININ A TEYNAC LE 5 MAI 2018 - Comit\u00e9 D\u00e9partemental de Golf de Gironde<\/title>\n<meta name=\"robots\" content=\"index, follow, max-snippet:-1, max-image-preview:large, max-video-preview:-1\" \/>\n<link rel=\"canonical\" href=\"https:\/\/cdgolf33.com\/index.php\/2018\/06\/12\/golf-au-feminin-a-teynac-le-5-mai-2018\/\" \/>\n<meta property=\"og:locale\" content=\"fr_FR\" \/>\n<meta property=\"og:type\" content=\"article\" \/>\n<meta property=\"og:title\" content=\"GOLF AU FEMININ A TEYNAC LE 5 MAI 2018 - Comit\u00e9 D\u00e9partemental de Golf de Gironde\" \/>\n<meta property=\"og:description\" content=\"Le samedi 5 mai, la journ\u00e9e du \u00ab\u00a0Golf au F\u00e9minin\u00a0\u00bb a eu lieu sur le parcours du Golf de Teynac. Ce sont 25 participantes qui se sont retrouv\u00e9es pour des d\u00e9parts \u00e0 partir de 13h30 sous un magnifique soleil qui nous a enchant\u00e9es toute la journ\u00e9e! Les d\u00e9butantes \u00e9tant tr\u00e8s [&hellip;]\" \/>\n<meta property=\"og:url\" content=\"https:\/\/cdgolf33.com\/index.php\/2018\/06\/12\/golf-au-feminin-a-teynac-le-5-mai-2018\/\" \/>\n<meta property=\"og:site_name\" content=\"Comit\u00e9 D\u00e9partemental de Golf de Gironde\" \/>\n<meta property=\"article:published_time\" content=\"2018-06-12T10:14:28+00:00\" \/>\n<meta property=\"og:image\" content=\"http:\/\/www.cdgolf33.com\/wp-content\/uploads\/2018\/06\/golffeminin.png\" \/>\n<meta name=\"author\" content=\"le Comit\u00e9 de Golf de Gironde\" \/>\n<meta name=\"twitter:card\" content=\"summary_large_image\" \/>\n<meta name=\"twitter:creator\" content=\"@comitegolf33\" \/>\n<meta name=\"twitter:site\" content=\"@comitegolf33\" \/>\n<meta name=\"twitter:label1\" content=\"\u00c9crit par\" \/>\n\t<meta name=\"twitter:data1\" content=\"le Comit\u00e9 de Golf de Gironde\" \/>\n\t<meta name=\"twitter:label2\" content=\"Dur\u00e9e de lecture estim\u00e9e\" \/>\n\t<meta name=\"twitter:data2\" content=\"1 minute\" \/>\n<script type=\"application\/ld+json\" class=\"yoast-schema-graph\">{\"@context\":\"https:\\\/\\\/schema.org\",\"@graph\":[{\"@type\":\"Article\",\"@id\":\"https:\\\/\\\/cdgolf33.com\\\/index.php\\\/2018\\\/06\\\/12\\\/golf-au-feminin-a-teynac-le-5-mai-2018\\\/#article\",\"isPartOf\":{\"@id\":\"https:\\\/\\\/cdgolf33.com\\\/index.php\\\/2018\\\/06\\\/12\\\/golf-au-feminin-a-teynac-le-5-mai-2018\\\/\"},\"author\":{\"name\":\"le Comit\u00e9 de Golf de Gironde\",\"@id\":\"https:\\\/\\\/cdgolf33.com\\\/#\\\/schema\\\/person\\\/0fe3a29db97d77dc619597e8963ba0f5\"},\"headline\":\"GOLF AU FEMININ A TEYNAC LE 5 MAI 2018\",\"datePublished\":\"2018-06-12T10:14:28+00:00\",\"mainEntityOfPage\":{\"@id\":\"https:\\\/\\\/cdgolf33.com\\\/index.php\\\/2018\\\/06\\\/12\\\/golf-au-feminin-a-teynac-le-5-mai-2018\\\/\"},\"wordCount\":193,\"publisher\":{\"@id\":\"https:\\\/\\\/cdgolf33.com\\\/#organization\"},\"image\":{\"@id\":\"https:\\\/\\\/cdgolf33.com\\\/index.php\\\/2018\\\/06\\\/12\\\/golf-au-feminin-a-teynac-le-5-mai-2018\\\/#primaryimage\"},\"thumbnailUrl\":\"http:\\\/\\\/www.cdgolf33.com\\\/wp-content\\\/uploads\\\/2018\\\/06\\\/golffeminin.png\",\"articleSection\":[\"Nouvelles\"],\"inLanguage\":\"fr-FR\"},{\"@type\":\"WebPage\",\"@id\":\"https:\\\/\\\/cdgolf33.com\\\/index.php\\\/2018\\\/06\\\/12\\\/golf-au-feminin-a-teynac-le-5-mai-2018\\\/\",\"url\":\"https:\\\/\\\/cdgolf33.com\\\/index.php\\\/2018\\\/06\\\/12\\\/golf-au-feminin-a-teynac-le-5-mai-2018\\\/\",\"name\":\"GOLF AU FEMININ A TEYNAC LE 5 MAI 2018 - Comit\u00e9 D\u00e9partemental de Golf de Gironde\",\"isPartOf\":{\"@id\":\"https:\\\/\\\/cdgolf33.com\\\/#website\"},\"primaryImageOfPage\":{\"@id\":\"https:\\\/\\\/cdgolf33.com\\\/index.php\\\/2018\\\/06\\\/12\\\/golf-au-feminin-a-teynac-le-5-mai-2018\\\/#primaryimage\"},\"image\":{\"@id\":\"https:\\\/\\\/cdgolf33.com\\\/index.php\\\/2018\\\/06\\\/12\\\/golf-au-feminin-a-teynac-le-5-mai-2018\\\/#primaryimage\"},\"thumbnailUrl\":\"http:\\\/\\\/www.cdgolf33.com\\\/wp-content\\\/uploads\\\/2018\\\/06\\\/golffeminin.png\",\"datePublished\":\"2018-06-12T10:14:28+00:00\",\"breadcrumb\":{\"@id\":\"https:\\\/\\\/cdgolf33.com\\\/index.php\\\/2018\\\/06\\\/12\\\/golf-au-feminin-a-teynac-le-5-mai-2018\\\/#breadcrumb\"},\"inLanguage\":\"fr-FR\",\"potentialAction\":[{\"@type\":\"ReadAction\",\"target\":[\"https:\\\/\\\/cdgolf33.com\\\/index.php\\\/2018\\\/06\\\/12\\\/golf-au-feminin-a-teynac-le-5-mai-2018\\\/\"]}]},{\"@type\":\"ImageObject\",\"inLanguage\":\"fr-FR\",\"@id\":\"https:\\\/\\\/cdgolf33.com\\\/index.php\\\/2018\\\/06\\\/12\\\/golf-au-feminin-a-teynac-le-5-mai-2018\\\/#primaryimage\",\"url\":\"http:\\\/\\\/www.cdgolf33.com\\\/wp-content\\\/uploads\\\/2018\\\/06\\\/golffeminin.png\",\"contentUrl\":\"http:\\\/\\\/www.cdgolf33.com\\\/wp-content\\\/uploads\\\/2018\\\/06\\\/golffeminin.png\"},{\"@type\":\"BreadcrumbList\",\"@id\":\"https:\\\/\\\/cdgolf33.com\\\/index.php\\\/2018\\\/06\\\/12\\\/golf-au-feminin-a-teynac-le-5-mai-2018\\\/#breadcrumb\",\"itemListElement\":[{\"@type\":\"ListItem\",\"position\":1,\"name\":\"Accueil\",\"item\":\"https:\\\/\\\/cdgolf33.com\\\/\"},{\"@type\":\"ListItem\",\"position\":2,\"name\":\"GOLF AU FEMININ A TEYNAC LE 5 MAI 2018\"}]},{\"@type\":\"WebSite\",\"@id\":\"https:\\\/\\\/cdgolf33.com\\\/#website\",\"url\":\"https:\\\/\\\/cdgolf33.com\\\/\",\"name\":\"Comit\u00e9 D\u00e9partemental de Golf de Gironde\",\"description\":\"Le Comit\u00e9 de Gironde de Golf vous souhaite la bienvenue sur son site !\",\"publisher\":{\"@id\":\"https:\\\/\\\/cdgolf33.com\\\/#organization\"},\"potentialAction\":[{\"@type\":\"SearchAction\",\"target\":{\"@type\":\"EntryPoint\",\"urlTemplate\":\"https:\\\/\\\/cdgolf33.com\\\/?s={search_term_string}\"},\"query-input\":{\"@type\":\"PropertyValueSpecification\",\"valueRequired\":true,\"valueName\":\"search_term_string\"}}],\"inLanguage\":\"fr-FR\"},{\"@type\":\"Organization\",\"@id\":\"https:\\\/\\\/cdgolf33.com\\\/#organization\",\"name\":\"Comit\u00e9 de Golf de Gironde\",\"url\":\"https:\\\/\\\/cdgolf33.com\\\/\",\"logo\":{\"@type\":\"ImageObject\",\"inLanguage\":\"fr-FR\",\"@id\":\"https:\\\/\\\/cdgolf33.com\\\/#\\\/schema\\\/logo\\\/image\\\/\",\"url\":\"https:\\\/\\\/cdgolf33.com\\\/wp-content\\\/uploads\\\/2019\\\/05\\\/LOGOCD33.jpg\",\"contentUrl\":\"https:\\\/\\\/cdgolf33.com\\\/wp-content\\\/uploads\\\/2019\\\/05\\\/LOGOCD33.jpg\",\"width\":220,\"height\":233,\"caption\":\"Comit\u00e9 de Golf de Gironde\"},\"image\":{\"@id\":\"https:\\\/\\\/cdgolf33.com\\\/#\\\/schema\\\/logo\\\/image\\\/\"},\"sameAs\":[\"https:\\\/\\\/x.com\\\/comitegolf33\"]},{\"@type\":\"Person\",\"@id\":\"https:\\\/\\\/cdgolf33.com\\\/#\\\/schema\\\/person\\\/0fe3a29db97d77dc619597e8963ba0f5\",\"name\":\"le Comit\u00e9 de Golf de Gironde\",\"image\":{\"@type\":\"ImageObject\",\"inLanguage\":\"fr-FR\",\"@id\":\"https:\\\/\\\/secure.gravatar.com\\\/avatar\\\/7d0f051f071526df9cb148fdbc91d08090dd58d68fc15de4c9d807e08b07f6c9?s=96&d=mm&r=g\",\"url\":\"https:\\\/\\\/secure.gravatar.com\\\/avatar\\\/7d0f051f071526df9cb148fdbc91d08090dd58d68fc15de4c9d807e08b07f6c9?s=96&d=mm&r=g\",\"contentUrl\":\"https:\\\/\\\/secure.gravatar.com\\\/avatar\\\/7d0f051f071526df9cb148fdbc91d08090dd58d68fc15de4c9d807e08b07f6c9?s=96&d=mm&r=g\",\"caption\":\"le Comit\u00e9 de Golf de Gironde\"}}]}<\/script>\n<!-- \/ Yoast SEO plugin. -->","yoast_head_json":{"title":"GOLF AU FEMININ A TEYNAC LE 5 MAI 2018 - Comit\u00e9 D\u00e9partemental de Golf de Gironde","robots":{"index":"index","follow":"follow","max-snippet":"max-snippet:-1","max-image-preview":"max-image-preview:large","max-video-preview":"max-video-preview:-1"},"canonical":"https:\/\/cdgolf33.com\/index.php\/2018\/06\/12\/golf-au-feminin-a-teynac-le-5-mai-2018\/","og_locale":"fr_FR","og_type":"article","og_title":"GOLF AU FEMININ A TEYNAC LE 5 MAI 2018 - Comit\u00e9 D\u00e9partemental de Golf de Gironde","og_description":"Le samedi 5 mai, la journ\u00e9e du \u00ab\u00a0Golf au F\u00e9minin\u00a0\u00bb a eu lieu sur le parcours du Golf de Teynac. Ce sont 25 participantes qui se sont retrouv\u00e9es pour des d\u00e9parts \u00e0 partir de 13h30 sous un magnifique soleil qui nous a enchant\u00e9es toute la journ\u00e9e! Les d\u00e9butantes \u00e9tant tr\u00e8s [&hellip;]","og_url":"https:\/\/cdgolf33.com\/index.php\/2018\/06\/12\/golf-au-feminin-a-teynac-le-5-mai-2018\/","og_site_name":"Comit\u00e9 D\u00e9partemental de Golf de Gironde","article_published_time":"2018-06-12T10:14:28+00:00","og_image":[{"url":"http:\/\/www.cdgolf33.com\/wp-content\/uploads\/2018\/06\/golffeminin.png","type":"","width":"","height":""}],"author":"le Comit\u00e9 de Golf de Gironde","twitter_card":"summary_large_image","twitter_creator":"@comitegolf33","twitter_site":"@comitegolf33","twitter_misc":{"\u00c9crit par":"le Comit\u00e9 de Golf de Gironde","Dur\u00e9e de lecture estim\u00e9e":"1 minute"},"schema":{"@context":"https:\/\/schema.org","@graph":[{"@type":"Article","@id":"https:\/\/cdgolf33.com\/index.php\/2018\/06\/12\/golf-au-feminin-a-teynac-le-5-mai-2018\/#article","isPartOf":{"@id":"https:\/\/cdgolf33.com\/index.php\/2018\/06\/12\/golf-au-feminin-a-teynac-le-5-mai-2018\/"},"author":{"name":"le Comit\u00e9 de Golf de Gironde","@id":"https:\/\/cdgolf33.com\/#\/schema\/person\/0fe3a29db97d77dc619597e8963ba0f5"},"headline":"GOLF AU FEMININ A TEYNAC LE 5 MAI 2018","datePublished":"2018-06-12T10:14:28+00:00","mainEntityOfPage":{"@id":"https:\/\/cdgolf33.com\/index.php\/2018\/06\/12\/golf-au-feminin-a-teynac-le-5-mai-2018\/"},"wordCount":193,"publisher":{"@id":"https:\/\/cdgolf33.com\/#organization"},"image":{"@id":"https:\/\/cdgolf33.com\/index.php\/2018\/06\/12\/golf-au-feminin-a-teynac-le-5-mai-2018\/#primaryimage"},"thumbnailUrl":"http:\/\/www.cdgolf33.com\/wp-content\/uploads\/2018\/06\/golffeminin.png","articleSection":["Nouvelles"],"inLanguage":"fr-FR"},{"@type":"WebPage","@id":"https:\/\/cdgolf33.com\/index.php\/2018\/06\/12\/golf-au-feminin-a-teynac-le-5-mai-2018\/","url":"https:\/\/cdgolf33.com\/index.php\/2018\/06\/12\/golf-au-feminin-a-teynac-le-5-mai-2018\/","name":"GOLF AU FEMININ A TEYNAC LE 5 MAI 2018 - Comit\u00e9 D\u00e9partemental de Golf de Gironde","isPartOf":{"@id":"https:\/\/cdgolf33.com\/#website"},"primaryImageOfPage":{"@id":"https:\/\/cdgolf33.com\/index.php\/2018\/06\/12\/golf-au-feminin-a-teynac-le-5-mai-2018\/#primaryimage"},"image":{"@id":"https:\/\/cdgolf33.com\/index.php\/2018\/06\/12\/golf-au-feminin-a-teynac-le-5-mai-2018\/#primaryimage"},"thumbnailUrl":"http:\/\/www.cdgolf33.com\/wp-content\/uploads\/2018\/06\/golffeminin.png","datePublished":"2018-06-12T10:14:28+00:00","breadcrumb":{"@id":"https:\/\/cdgolf33.com\/index.php\/2018\/06\/12\/golf-au-feminin-a-teynac-le-5-mai-2018\/#breadcrumb"},"inLanguage":"fr-FR","potentialAction":[{"@type":"ReadAction","target":["https:\/\/cdgolf33.com\/index.php\/2018\/06\/12\/golf-au-feminin-a-teynac-le-5-mai-2018\/"]}]},{"@type":"ImageObject","inLanguage":"fr-FR","@id":"https:\/\/cdgolf33.com\/index.php\/2018\/06\/12\/golf-au-feminin-a-teynac-le-5-mai-2018\/#primaryimage","url":"http:\/\/www.cdgolf33.com\/wp-content\/uploads\/2018\/06\/golffeminin.png","contentUrl":"http:\/\/www.cdgolf33.com\/wp-content\/uploads\/2018\/06\/golffeminin.png"},{"@type":"BreadcrumbList","@id":"https:\/\/cdgolf33.com\/index.php\/2018\/06\/12\/golf-au-feminin-a-teynac-le-5-mai-2018\/#breadcrumb","itemListElement":[{"@type":"ListItem","position":1,"name":"Accueil","item":"https:\/\/cdgolf33.com\/"},{"@type":"ListItem","position":2,"name":"GOLF AU FEMININ A TEYNAC LE 5 MAI 2018"}]},{"@type":"WebSite","@id":"https:\/\/cdgolf33.com\/#website","url":"https:\/\/cdgolf33.com\/","name":"Comit\u00e9 D\u00e9partemental de Golf de Gironde","description":"Le Comit\u00e9 de Gironde de Golf vous souhaite la bienvenue sur son site !","publisher":{"@id":"https:\/\/cdgolf33.com\/#organization"},"potentialAction":[{"@type":"SearchAction","target":{"@type":"EntryPoint","urlTemplate":"https:\/\/cdgolf33.com\/?s={search_term_string}"},"query-input":{"@type":"PropertyValueSpecification","valueRequired":true,"valueName":"search_term_string"}}],"inLanguage":"fr-FR"},{"@type":"Organization","@id":"https:\/\/cdgolf33.com\/#organization","name":"Comit\u00e9 de Golf de Gironde","url":"https:\/\/cdgolf33.com\/","logo":{"@type":"ImageObject","inLanguage":"fr-FR","@id":"https:\/\/cdgolf33.com\/#\/schema\/logo\/image\/","url":"https:\/\/cdgolf33.com\/wp-content\/uploads\/2019\/05\/LOGOCD33.jpg","contentUrl":"https:\/\/cdgolf33.com\/wp-content\/uploads\/2019\/05\/LOGOCD33.jpg","width":220,"height":233,"caption":"Comit\u00e9 de Golf de Gironde"},"image":{"@id":"https:\/\/cdgolf33.com\/#\/schema\/logo\/image\/"},"sameAs":["https:\/\/x.com\/comitegolf33"]},{"@type":"Person","@id":"https:\/\/cdgolf33.com\/#\/schema\/person\/0fe3a29db97d77dc619597e8963ba0f5","name":"le Comit\u00e9 de Golf de Gironde","image":{"@type":"ImageObject","inLanguage":"fr-FR","@id":"https:\/\/secure.gravatar.com\/avatar\/7d0f051f071526df9cb148fdbc91d08090dd58d68fc15de4c9d807e08b07f6c9?s=96&d=mm&r=g","url":"https:\/\/secure.gravatar.com\/avatar\/7d0f051f071526df9cb148fdbc91d08090dd58d68fc15de4c9d807e08b07f6c9?s=96&d=mm&r=g","contentUrl":"https:\/\/secure.gravatar.com\/avatar\/7d0f051f071526df9cb148fdbc91d08090dd58d68fc15de4c9d807e08b07f6c9?s=96&d=mm&r=g","caption":"le Comit\u00e9 de Golf de Gironde"}}]}},"_links":{"self":[{"href":"https:\/\/cdgolf33.com\/index.php\/wp-json\/wp\/v2\/posts\/3708","targetHints":{"allow":["GET"]}}],"collection":[{"href":"https:\/\/cdgolf33.com\/index.php\/wp-json\/wp\/v2\/posts"}],"about":[{"href":"https:\/\/cdgolf33.com\/index.php\/wp-json\/wp\/v2\/types\/post"}],"author":[{"embeddable":true,"href":"https:\/\/cdgolf33.com\/index.php\/wp-json\/wp\/v2\/users\/1"}],"replies":[{"embeddable":true,"href":"https:\/\/cdgolf33.com\/index.php\/wp-json\/wp\/v2\/comments?post=3708"}],"version-history":[{"count":0,"href":"https:\/\/cdgolf33.com\/index.php\/wp-json\/wp\/v2\/posts\/3708\/revisions"}],"wp:attachment":[{"href":"https:\/\/cdgolf33.com\/index.php\/wp-json\/wp\/v2\/media?parent=3708"}],"wp:term":[{"taxonomy":"category","embeddable":true,"href":"https:\/\/cdgolf33.com\/index.php\/wp-json\/wp\/v2\/categories?post=3708"},{"taxonomy":"post_tag","embeddable":true,"href":"https:\/\/cdgolf33.com\/index.php\/wp-json\/wp\/v2\/tags?post=3708"}],"curies":[{"name":"wp","href":"https:\/\/api.w.org\/{rel}","templated":true}]}}