{"id":5777,"date":"2022-02-08T21:06:38","date_gmt":"2022-02-08T20:06:38","guid":{"rendered":"https:\/\/cdgolf33.com\/?p=5777"},"modified":"2022-02-08T21:06:38","modified_gmt":"2022-02-08T20:06:38","slug":"assemblee-generale-2022","status":"publish","type":"post","link":"https:\/\/cdgolf33.com\/index.php\/2022\/02\/08\/assemblee-generale-2022\/","title":{"rendered":"ASSEMBL\u00c9E G\u00c9N\u00c9RALE 2022"},"content":{"rendered":"<p style=\"text-align: center;\"><em><strong>Attention ! <\/strong><\/em><\/p>\n<p style=\"text-align: center;\"><em><strong>Uniquement \u00e0<\/strong> <strong>l&rsquo;attention des Pr\u00e9sidents des AS des Golfs de Gironde et des AS <\/strong><b>d&rsquo;Entreprises<\/b><\/em><\/p>\n<p>Notre Assembl\u00e9e G\u00e9n\u00e9rale annuelle se d\u00e9roulera le <strong>Samedi 26 F\u00e9vrier 2022 \u00e0 10h30<\/strong> en pr\u00e9sentiel uniquement dans la salle de s\u00e9minaire du Restaurant l\u2019H\u00e9goa (6 Rue Jean Pommi\u00e8s, 33520, BRUGES. A c\u00f4t\u00e9 de Calic\u00e9o).<\/p>\n<p>Vous trouverez ci-joint l\u2019Ordre du Jour de cette AG 2022. Si vous d\u00e9sirez porter des questions \u00e0 cet ordre du jour, vous avez la possibilit\u00e9 de le faire dans la case \u00ab <em>Questions Diverses\u00a0\u00bb<\/em> du formulaire d\u2019inscription.<\/p>\n<p>Un caf\u00e9 d&rsquo;accueil sera \u00e0 votre disposition dans la salle \u00e0 votre arriv\u00e9e.<\/p>\n<p>Le port du masque sera obligatoire durant toute l&rsquo;assembl\u00e9e, la distanciation d&rsquo;un m\u00e8tre entre chaque chaise sera respect\u00e9e et du gel sera \u00e0 votre disposition.<\/p>\n<p>Pour vous inscrire \u00e0 cette assembl\u00e9e, un formulaire en ligne d\u2019inscription a \u00e9t\u00e9 mis en place via le lien suivant\u00a0: <a href=\"https:\/\/forms.gle\/78mM8topk5S95DnL9\">https:\/\/forms.gle\/78mM8topk5S95DnL9<\/a><\/p>\n<p>Les inscriptions se feront <strong>UNIQUEMENT<\/strong> via ce lien.<\/p>\n<p>Si vous d\u00e9sirez d\u00e9jeuner sur place apr\u00e8s l\u2019assembl\u00e9e, merci de nous l\u2019indiquer dans le formulaire (repas non pris en charge par le Comit\u00e9)<\/p>\n<p><strong>DATE LIMITE D&rsquo;INSCRIPTION : DIMANCHE 20 FEVRIER<\/strong><\/p>\n<p><a href=\"https:\/\/cdgolf33.com\/wp-content\/uploads\/2022\/02\/Ordre-du-Jour-AG2022-CDG33.pdf\" target=\"_blank\" rel=\"noopener\">&gt;&gt;&gt; Ordre du Jour AG2022 CDG33<\/a><\/p>\n","protected":false},"excerpt":{"rendered":"<p>Attention ! Uniquement \u00e0 l&rsquo;attention des Pr\u00e9sidents des AS des Golfs de Gironde et des AS d&rsquo;Entreprises Notre Assembl\u00e9e G\u00e9n\u00e9rale annuelle se d\u00e9roulera le Samedi 26 F\u00e9vrier 2022 \u00e0 10h30 en pr\u00e9sentiel uniquement dans la salle de s\u00e9minaire du Restaurant l\u2019H\u00e9goa (6 Rue Jean Pommi\u00e8s, 33520, BRUGES. A c\u00f4t\u00e9 de [&hellip;]<\/p>\n","protected":false},"author":1,"featured_media":0,"comment_status":"closed","ping_status":"closed","sticky":false,"template":"","format":"standard","meta":{"footnotes":""},"categories":[13],"tags":[],"class_list":["post-5777","post","type-post","status-publish","format-standard","hentry","category-nouvelles"],"yoast_head":"<!-- This site is optimized with the Yoast SEO plugin v27.5 - https:\/\/yoast.com\/product\/yoast-seo-wordpress\/ -->\n<title>ASSEMBL\u00c9E G\u00c9N\u00c9RALE 2022 - Comit\u00e9 D\u00e9partemental de Golf de Gironde<\/title>\n<meta name=\"robots\" content=\"index, follow, max-snippet:-1, max-image-preview:large, max-video-preview:-1\" \/>\n<link rel=\"canonical\" href=\"https:\/\/cdgolf33.com\/index.php\/2022\/02\/08\/assemblee-generale-2022\/\" \/>\n<meta property=\"og:locale\" content=\"fr_FR\" \/>\n<meta property=\"og:type\" content=\"article\" \/>\n<meta property=\"og:title\" content=\"ASSEMBL\u00c9E G\u00c9N\u00c9RALE 2022 - Comit\u00e9 D\u00e9partemental de Golf de Gironde\" \/>\n<meta property=\"og:description\" content=\"Attention ! Uniquement \u00e0 l&rsquo;attention des Pr\u00e9sidents des AS des Golfs de Gironde et des AS d&rsquo;Entreprises Notre Assembl\u00e9e G\u00e9n\u00e9rale annuelle se d\u00e9roulera le Samedi 26 F\u00e9vrier 2022 \u00e0 10h30 en pr\u00e9sentiel uniquement dans la salle de s\u00e9minaire du Restaurant l\u2019H\u00e9goa (6 Rue Jean Pommi\u00e8s, 33520, BRUGES. A c\u00f4t\u00e9 de [&hellip;]\" \/>\n<meta property=\"og:url\" content=\"https:\/\/cdgolf33.com\/index.php\/2022\/02\/08\/assemblee-generale-2022\/\" \/>\n<meta property=\"og:site_name\" content=\"Comit\u00e9 D\u00e9partemental de Golf de Gironde\" \/>\n<meta property=\"article:published_time\" content=\"2022-02-08T20:06:38+00:00\" \/>\n<meta name=\"author\" content=\"le Comit\u00e9 de Golf de Gironde\" \/>\n<meta name=\"twitter:card\" content=\"summary_large_image\" \/>\n<meta name=\"twitter:creator\" content=\"@comitegolf33\" \/>\n<meta name=\"twitter:site\" content=\"@comitegolf33\" \/>\n<meta name=\"twitter:label1\" content=\"\u00c9crit par\" \/>\n\t<meta name=\"twitter:data1\" content=\"le Comit\u00e9 de Golf de Gironde\" \/>\n\t<meta name=\"twitter:label2\" content=\"Dur\u00e9e de lecture estim\u00e9e\" \/>\n\t<meta name=\"twitter:data2\" content=\"1 minute\" \/>\n<script type=\"application\/ld+json\" class=\"yoast-schema-graph\">{\"@context\":\"https:\\\/\\\/schema.org\",\"@graph\":[{\"@type\":\"Article\",\"@id\":\"https:\\\/\\\/cdgolf33.com\\\/index.php\\\/2022\\\/02\\\/08\\\/assemblee-generale-2022\\\/#article\",\"isPartOf\":{\"@id\":\"https:\\\/\\\/cdgolf33.com\\\/index.php\\\/2022\\\/02\\\/08\\\/assemblee-generale-2022\\\/\"},\"author\":{\"name\":\"le Comit\u00e9 de Golf de Gironde\",\"@id\":\"https:\\\/\\\/cdgolf33.com\\\/#\\\/schema\\\/person\\\/0fe3a29db97d77dc619597e8963ba0f5\"},\"headline\":\"ASSEMBL\u00c9E G\u00c9N\u00c9RALE 2022\",\"datePublished\":\"2022-02-08T20:06:38+00:00\",\"mainEntityOfPage\":{\"@id\":\"https:\\\/\\\/cdgolf33.com\\\/index.php\\\/2022\\\/02\\\/08\\\/assemblee-generale-2022\\\/\"},\"wordCount\":222,\"publisher\":{\"@id\":\"https:\\\/\\\/cdgolf33.com\\\/#organization\"},\"articleSection\":[\"Nouvelles\"],\"inLanguage\":\"fr-FR\"},{\"@type\":\"WebPage\",\"@id\":\"https:\\\/\\\/cdgolf33.com\\\/index.php\\\/2022\\\/02\\\/08\\\/assemblee-generale-2022\\\/\",\"url\":\"https:\\\/\\\/cdgolf33.com\\\/index.php\\\/2022\\\/02\\\/08\\\/assemblee-generale-2022\\\/\",\"name\":\"ASSEMBL\u00c9E G\u00c9N\u00c9RALE 2022 - Comit\u00e9 D\u00e9partemental de Golf de Gironde\",\"isPartOf\":{\"@id\":\"https:\\\/\\\/cdgolf33.com\\\/#website\"},\"datePublished\":\"2022-02-08T20:06:38+00:00\",\"breadcrumb\":{\"@id\":\"https:\\\/\\\/cdgolf33.com\\\/index.php\\\/2022\\\/02\\\/08\\\/assemblee-generale-2022\\\/#breadcrumb\"},\"inLanguage\":\"fr-FR\",\"potentialAction\":[{\"@type\":\"ReadAction\",\"target\":[\"https:\\\/\\\/cdgolf33.com\\\/index.php\\\/2022\\\/02\\\/08\\\/assemblee-generale-2022\\\/\"]}]},{\"@type\":\"BreadcrumbList\",\"@id\":\"https:\\\/\\\/cdgolf33.com\\\/index.php\\\/2022\\\/02\\\/08\\\/assemblee-generale-2022\\\/#breadcrumb\",\"itemListElement\":[{\"@type\":\"ListItem\",\"position\":1,\"name\":\"Accueil\",\"item\":\"https:\\\/\\\/cdgolf33.com\\\/\"},{\"@type\":\"ListItem\",\"position\":2,\"name\":\"ASSEMBL\u00c9E G\u00c9N\u00c9RALE 2022\"}]},{\"@type\":\"WebSite\",\"@id\":\"https:\\\/\\\/cdgolf33.com\\\/#website\",\"url\":\"https:\\\/\\\/cdgolf33.com\\\/\",\"name\":\"Comit\u00e9 D\u00e9partemental de Golf de Gironde\",\"description\":\"Le Comit\u00e9 de Gironde de Golf vous souhaite la bienvenue sur son site !\",\"publisher\":{\"@id\":\"https:\\\/\\\/cdgolf33.com\\\/#organization\"},\"potentialAction\":[{\"@type\":\"SearchAction\",\"target\":{\"@type\":\"EntryPoint\",\"urlTemplate\":\"https:\\\/\\\/cdgolf33.com\\\/?s={search_term_string}\"},\"query-input\":{\"@type\":\"PropertyValueSpecification\",\"valueRequired\":true,\"valueName\":\"search_term_string\"}}],\"inLanguage\":\"fr-FR\"},{\"@type\":\"Organization\",\"@id\":\"https:\\\/\\\/cdgolf33.com\\\/#organization\",\"name\":\"Comit\u00e9 de Golf de Gironde\",\"url\":\"https:\\\/\\\/cdgolf33.com\\\/\",\"logo\":{\"@type\":\"ImageObject\",\"inLanguage\":\"fr-FR\",\"@id\":\"https:\\\/\\\/cdgolf33.com\\\/#\\\/schema\\\/logo\\\/image\\\/\",\"url\":\"https:\\\/\\\/cdgolf33.com\\\/wp-content\\\/uploads\\\/2019\\\/05\\\/LOGOCD33.jpg\",\"contentUrl\":\"https:\\\/\\\/cdgolf33.com\\\/wp-content\\\/uploads\\\/2019\\\/05\\\/LOGOCD33.jpg\",\"width\":220,\"height\":233,\"caption\":\"Comit\u00e9 de Golf de Gironde\"},\"image\":{\"@id\":\"https:\\\/\\\/cdgolf33.com\\\/#\\\/schema\\\/logo\\\/image\\\/\"},\"sameAs\":[\"https:\\\/\\\/x.com\\\/comitegolf33\"]},{\"@type\":\"Person\",\"@id\":\"https:\\\/\\\/cdgolf33.com\\\/#\\\/schema\\\/person\\\/0fe3a29db97d77dc619597e8963ba0f5\",\"name\":\"le Comit\u00e9 de Golf de Gironde\",\"image\":{\"@type\":\"ImageObject\",\"inLanguage\":\"fr-FR\",\"@id\":\"https:\\\/\\\/secure.gravatar.com\\\/avatar\\\/7d0f051f071526df9cb148fdbc91d08090dd58d68fc15de4c9d807e08b07f6c9?s=96&d=mm&r=g\",\"url\":\"https:\\\/\\\/secure.gravatar.com\\\/avatar\\\/7d0f051f071526df9cb148fdbc91d08090dd58d68fc15de4c9d807e08b07f6c9?s=96&d=mm&r=g\",\"contentUrl\":\"https:\\\/\\\/secure.gravatar.com\\\/avatar\\\/7d0f051f071526df9cb148fdbc91d08090dd58d68fc15de4c9d807e08b07f6c9?s=96&d=mm&r=g\",\"caption\":\"le Comit\u00e9 de Golf de Gironde\"}}]}<\/script>\n<!-- \/ Yoast SEO plugin. -->","yoast_head_json":{"title":"ASSEMBL\u00c9E G\u00c9N\u00c9RALE 2022 - Comit\u00e9 D\u00e9partemental de Golf de Gironde","robots":{"index":"index","follow":"follow","max-snippet":"max-snippet:-1","max-image-preview":"max-image-preview:large","max-video-preview":"max-video-preview:-1"},"canonical":"https:\/\/cdgolf33.com\/index.php\/2022\/02\/08\/assemblee-generale-2022\/","og_locale":"fr_FR","og_type":"article","og_title":"ASSEMBL\u00c9E G\u00c9N\u00c9RALE 2022 - Comit\u00e9 D\u00e9partemental de Golf de Gironde","og_description":"Attention ! Uniquement \u00e0 l&rsquo;attention des Pr\u00e9sidents des AS des Golfs de Gironde et des AS d&rsquo;Entreprises Notre Assembl\u00e9e G\u00e9n\u00e9rale annuelle se d\u00e9roulera le Samedi 26 F\u00e9vrier 2022 \u00e0 10h30 en pr\u00e9sentiel uniquement dans la salle de s\u00e9minaire du Restaurant l\u2019H\u00e9goa (6 Rue Jean Pommi\u00e8s, 33520, BRUGES. A c\u00f4t\u00e9 de [&hellip;]","og_url":"https:\/\/cdgolf33.com\/index.php\/2022\/02\/08\/assemblee-generale-2022\/","og_site_name":"Comit\u00e9 D\u00e9partemental de Golf de Gironde","article_published_time":"2022-02-08T20:06:38+00:00","author":"le Comit\u00e9 de Golf de Gironde","twitter_card":"summary_large_image","twitter_creator":"@comitegolf33","twitter_site":"@comitegolf33","twitter_misc":{"\u00c9crit par":"le Comit\u00e9 de Golf de Gironde","Dur\u00e9e de lecture estim\u00e9e":"1 minute"},"schema":{"@context":"https:\/\/schema.org","@graph":[{"@type":"Article","@id":"https:\/\/cdgolf33.com\/index.php\/2022\/02\/08\/assemblee-generale-2022\/#article","isPartOf":{"@id":"https:\/\/cdgolf33.com\/index.php\/2022\/02\/08\/assemblee-generale-2022\/"},"author":{"name":"le Comit\u00e9 de Golf de Gironde","@id":"https:\/\/cdgolf33.com\/#\/schema\/person\/0fe3a29db97d77dc619597e8963ba0f5"},"headline":"ASSEMBL\u00c9E G\u00c9N\u00c9RALE 2022","datePublished":"2022-02-08T20:06:38+00:00","mainEntityOfPage":{"@id":"https:\/\/cdgolf33.com\/index.php\/2022\/02\/08\/assemblee-generale-2022\/"},"wordCount":222,"publisher":{"@id":"https:\/\/cdgolf33.com\/#organization"},"articleSection":["Nouvelles"],"inLanguage":"fr-FR"},{"@type":"WebPage","@id":"https:\/\/cdgolf33.com\/index.php\/2022\/02\/08\/assemblee-generale-2022\/","url":"https:\/\/cdgolf33.com\/index.php\/2022\/02\/08\/assemblee-generale-2022\/","name":"ASSEMBL\u00c9E G\u00c9N\u00c9RALE 2022 - Comit\u00e9 D\u00e9partemental de Golf de Gironde","isPartOf":{"@id":"https:\/\/cdgolf33.com\/#website"},"datePublished":"2022-02-08T20:06:38+00:00","breadcrumb":{"@id":"https:\/\/cdgolf33.com\/index.php\/2022\/02\/08\/assemblee-generale-2022\/#breadcrumb"},"inLanguage":"fr-FR","potentialAction":[{"@type":"ReadAction","target":["https:\/\/cdgolf33.com\/index.php\/2022\/02\/08\/assemblee-generale-2022\/"]}]},{"@type":"BreadcrumbList","@id":"https:\/\/cdgolf33.com\/index.php\/2022\/02\/08\/assemblee-generale-2022\/#breadcrumb","itemListElement":[{"@type":"ListItem","position":1,"name":"Accueil","item":"https:\/\/cdgolf33.com\/"},{"@type":"ListItem","position":2,"name":"ASSEMBL\u00c9E G\u00c9N\u00c9RALE 2022"}]},{"@type":"WebSite","@id":"https:\/\/cdgolf33.com\/#website","url":"https:\/\/cdgolf33.com\/","name":"Comit\u00e9 D\u00e9partemental de Golf de Gironde","description":"Le Comit\u00e9 de Gironde de Golf vous souhaite la bienvenue sur son site !","publisher":{"@id":"https:\/\/cdgolf33.com\/#organization"},"potentialAction":[{"@type":"SearchAction","target":{"@type":"EntryPoint","urlTemplate":"https:\/\/cdgolf33.com\/?s={search_term_string}"},"query-input":{"@type":"PropertyValueSpecification","valueRequired":true,"valueName":"search_term_string"}}],"inLanguage":"fr-FR"},{"@type":"Organization","@id":"https:\/\/cdgolf33.com\/#organization","name":"Comit\u00e9 de Golf de Gironde","url":"https:\/\/cdgolf33.com\/","logo":{"@type":"ImageObject","inLanguage":"fr-FR","@id":"https:\/\/cdgolf33.com\/#\/schema\/logo\/image\/","url":"https:\/\/cdgolf33.com\/wp-content\/uploads\/2019\/05\/LOGOCD33.jpg","contentUrl":"https:\/\/cdgolf33.com\/wp-content\/uploads\/2019\/05\/LOGOCD33.jpg","width":220,"height":233,"caption":"Comit\u00e9 de Golf de Gironde"},"image":{"@id":"https:\/\/cdgolf33.com\/#\/schema\/logo\/image\/"},"sameAs":["https:\/\/x.com\/comitegolf33"]},{"@type":"Person","@id":"https:\/\/cdgolf33.com\/#\/schema\/person\/0fe3a29db97d77dc619597e8963ba0f5","name":"le Comit\u00e9 de Golf de Gironde","image":{"@type":"ImageObject","inLanguage":"fr-FR","@id":"https:\/\/secure.gravatar.com\/avatar\/7d0f051f071526df9cb148fdbc91d08090dd58d68fc15de4c9d807e08b07f6c9?s=96&d=mm&r=g","url":"https:\/\/secure.gravatar.com\/avatar\/7d0f051f071526df9cb148fdbc91d08090dd58d68fc15de4c9d807e08b07f6c9?s=96&d=mm&r=g","contentUrl":"https:\/\/secure.gravatar.com\/avatar\/7d0f051f071526df9cb148fdbc91d08090dd58d68fc15de4c9d807e08b07f6c9?s=96&d=mm&r=g","caption":"le Comit\u00e9 de Golf de Gironde"}}]}},"_links":{"self":[{"href":"https:\/\/cdgolf33.com\/index.php\/wp-json\/wp\/v2\/posts\/5777","targetHints":{"allow":["GET"]}}],"collection":[{"href":"https:\/\/cdgolf33.com\/index.php\/wp-json\/wp\/v2\/posts"}],"about":[{"href":"https:\/\/cdgolf33.com\/index.php\/wp-json\/wp\/v2\/types\/post"}],"author":[{"embeddable":true,"href":"https:\/\/cdgolf33.com\/index.php\/wp-json\/wp\/v2\/users\/1"}],"replies":[{"embeddable":true,"href":"https:\/\/cdgolf33.com\/index.php\/wp-json\/wp\/v2\/comments?post=5777"}],"version-history":[{"count":1,"href":"https:\/\/cdgolf33.com\/index.php\/wp-json\/wp\/v2\/posts\/5777\/revisions"}],"predecessor-version":[{"id":5779,"href":"https:\/\/cdgolf33.com\/index.php\/wp-json\/wp\/v2\/posts\/5777\/revisions\/5779"}],"wp:attachment":[{"href":"https:\/\/cdgolf33.com\/index.php\/wp-json\/wp\/v2\/media?parent=5777"}],"wp:term":[{"taxonomy":"category","embeddable":true,"href":"https:\/\/cdgolf33.com\/index.php\/wp-json\/wp\/v2\/categories?post=5777"},{"taxonomy":"post_tag","embeddable":true,"href":"https:\/\/cdgolf33.com\/index.php\/wp-json\/wp\/v2\/tags?post=5777"}],"curies":[{"name":"wp","href":"https:\/\/api.w.org\/{rel}","templated":true}]}}