{"id":7630,"date":"2025-01-20T00:08:47","date_gmt":"2025-01-19T23:08:47","guid":{"rendered":"https:\/\/cdgolf33.com\/?p=7630"},"modified":"2025-01-20T00:08:47","modified_gmt":"2025-01-19T23:08:47","slug":"rencontre-annuelle-contre-les-landes-2025","status":"publish","type":"post","link":"https:\/\/cdgolf33.com\/index.php\/2025\/01\/20\/rencontre-annuelle-contre-les-landes-2025\/","title":{"rendered":"RENCONTRE ANNUELLE CONTRE LES LANDES 2025"},"content":{"rendered":"<p>Le rendez-vous avait \u00e9t\u00e9 donn\u00e9 le SAMEDI 18 JANVIER sur le GOLF de MIMIZAN \u00e1 10h30.<br \/>\nNous avons du d\u00e9caler les d\u00e9parts \u00e1 12h45 pour cause de gel.<\/p>\n<p>Nous avons donc pris la d\u00e9cision de jouer 6 trous en GREENSOME et 6 trous en MATCH PLAY individuel.<br \/>\nChaque \u00e9quipe comptait 8 joueurs .<br \/>\n6 gar\u00e7ons et 2 filles<\/p>\n<p>Apres un \u00e9chauffement au practice ,les enfants ont d\u00e9jeun\u00e9 avant le d\u00e9part, le Comit\u00e9 des LANDES prenant en charge l\u2019int\u00e9gralit\u00e9 des paniers repas ,ainsi que le go\u00fbter de fin d\u2019apr\u00e8s midi apr\u00e8s l\u2019annonce des r\u00e9sultats de la rencontre.<br \/>\nChaque enfant a re\u00e7u un petit cadeau au d\u00e9part.<\/p>\n<p>A l\u2019issue des 6 trous en GREENSOME ,le d\u00e9partement des LANDES m\u00e8ne 11 \u00e1 5, les enfants enchainent les 6 trous compl\u00e9mentaires en MATCH PLAY individuel.<br \/>\nLe match est beaucoup plus serr\u00e9 , les LANDES l\u2019emporte 16 \u00e115.<\/p>\n<p>Bravo \u00e1 tous pour le bon esprit, la combativit\u00e9, et la bonne humeur!<br \/>\nMerci au comit\u00e9 de Gironde d\u2019avoir permis aux enfants de faire cette belle rencontre.<br \/>\nMerci \u00e1 Mike et au comit\u00e9 des Landes pour la super organisation.<br \/>\nEt un grand merci au GOLF de MIMIZAN.<\/p>\n<p>La prochaine rencontre U12 se d\u00e9roulera sur nos terres en fin d\u2019ann\u00e9e.<\/p>\n<p>Bon golf \u00e1 tous<br \/>\nSportivement<br \/>\nB. PAVON et G. CALMETTES<\/p>\n\n\t\t<style type=\"text\/css\">\n\t\t\t#gallery-1 {\n\t\t\t\tmargin: auto;\n\t\t\t}\n\t\t\t#gallery-1 .gallery-item {\n\t\t\t\tfloat: left;\n\t\t\t\tmargin-top: 10px;\n\t\t\t\ttext-align: center;\n\t\t\t\twidth: 33%;\n\t\t\t}\n\t\t\t#gallery-1 img {\n\t\t\t\tborder: 2px solid #cfcfcf;\n\t\t\t}\n\t\t\t#gallery-1 .gallery-caption {\n\t\t\t\tmargin-left: 0;\n\t\t\t}\n\t\t\t\/* see gallery_shortcode() in wp-includes\/media.php *\/\n\t\t<\/style>\n\t\t<div id='gallery-1' class='gallery galleryid-7630 gallery-columns-3 gallery-size-full'><dl class='gallery-item'>\n\t\t\t<dt class='gallery-icon landscape'>\n\t\t\t\t<a href='https:\/\/cdgolf33.com\/index.php\/2025\/01\/20\/rencontre-annuelle-contre-les-landes-2025\/image2\/'><img fetchpriority=\"high\" decoding=\"async\" width=\"2016\" height=\"1512\" src=\"https:\/\/cdgolf33.com\/wp-content\/uploads\/2025\/01\/image2.jpeg\" class=\"attachment-full size-full\" alt=\"\" srcset=\"https:\/\/cdgolf33.com\/wp-content\/uploads\/2025\/01\/image2.jpeg 2016w, https:\/\/cdgolf33.com\/wp-content\/uploads\/2025\/01\/image2-300x225.jpeg 300w, https:\/\/cdgolf33.com\/wp-content\/uploads\/2025\/01\/image2-1024x768.jpeg 1024w, https:\/\/cdgolf33.com\/wp-content\/uploads\/2025\/01\/image2-768x576.jpeg 768w, https:\/\/cdgolf33.com\/wp-content\/uploads\/2025\/01\/image2-1536x1152.jpeg 1536w\" sizes=\"(max-width: 2016px) 100vw, 2016px\" \/><\/a>\n\t\t\t<\/dt><\/dl><dl class='gallery-item'>\n\t\t\t<dt class='gallery-icon portrait'>\n\t\t\t\t<a href='https:\/\/cdgolf33.com\/index.php\/2025\/01\/20\/rencontre-annuelle-contre-les-landes-2025\/image7\/'><img decoding=\"async\" width=\"1512\" height=\"2016\" src=\"https:\/\/cdgolf33.com\/wp-content\/uploads\/2025\/01\/image7-rotated.jpeg\" class=\"attachment-full size-full\" alt=\"\" srcset=\"https:\/\/cdgolf33.com\/wp-content\/uploads\/2025\/01\/image7-rotated.jpeg 1512w, https:\/\/cdgolf33.com\/wp-content\/uploads\/2025\/01\/image7-225x300.jpeg 225w, https:\/\/cdgolf33.com\/wp-content\/uploads\/2025\/01\/image7-768x1024.jpeg 768w, https:\/\/cdgolf33.com\/wp-content\/uploads\/2025\/01\/image7-1152x1536.jpeg 1152w\" sizes=\"(max-width: 1512px) 100vw, 1512px\" \/><\/a>\n\t\t\t<\/dt><\/dl><dl class='gallery-item'>\n\t\t\t<dt class='gallery-icon portrait'>\n\t\t\t\t<a href='https:\/\/cdgolf33.com\/index.php\/2025\/01\/20\/rencontre-annuelle-contre-les-landes-2025\/image0\/'><img decoding=\"async\" width=\"1512\" height=\"2016\" src=\"https:\/\/cdgolf33.com\/wp-content\/uploads\/2025\/01\/image0-rotated.jpeg\" class=\"attachment-full size-full\" alt=\"\" srcset=\"https:\/\/cdgolf33.com\/wp-content\/uploads\/2025\/01\/image0-rotated.jpeg 1512w, https:\/\/cdgolf33.com\/wp-content\/uploads\/2025\/01\/image0-225x300.jpeg 225w, https:\/\/cdgolf33.com\/wp-content\/uploads\/2025\/01\/image0-768x1024.jpeg 768w, https:\/\/cdgolf33.com\/wp-content\/uploads\/2025\/01\/image0-1152x1536.jpeg 1152w\" sizes=\"(max-width: 1512px) 100vw, 1512px\" \/><\/a>\n\t\t\t<\/dt><\/dl><br style=\"clear: both\" \/><dl class='gallery-item'>\n\t\t\t<dt class='gallery-icon landscape'>\n\t\t\t\t<a href='https:\/\/cdgolf33.com\/index.php\/2025\/01\/20\/rencontre-annuelle-contre-les-landes-2025\/image4\/'><img loading=\"lazy\" decoding=\"async\" width=\"2016\" height=\"1512\" src=\"https:\/\/cdgolf33.com\/wp-content\/uploads\/2025\/01\/image4.jpeg\" class=\"attachment-full size-full\" alt=\"\" srcset=\"https:\/\/cdgolf33.com\/wp-content\/uploads\/2025\/01\/image4.jpeg 2016w, https:\/\/cdgolf33.com\/wp-content\/uploads\/2025\/01\/image4-300x225.jpeg 300w, https:\/\/cdgolf33.com\/wp-content\/uploads\/2025\/01\/image4-1024x768.jpeg 1024w, https:\/\/cdgolf33.com\/wp-content\/uploads\/2025\/01\/image4-768x576.jpeg 768w, https:\/\/cdgolf33.com\/wp-content\/uploads\/2025\/01\/image4-1536x1152.jpeg 1536w\" sizes=\"(max-width: 2016px) 100vw, 2016px\" \/><\/a>\n\t\t\t<\/dt><\/dl><dl class='gallery-item'>\n\t\t\t<dt class='gallery-icon portrait'>\n\t\t\t\t<a href='https:\/\/cdgolf33.com\/index.php\/2025\/01\/20\/rencontre-annuelle-contre-les-landes-2025\/image3\/'><img loading=\"lazy\" decoding=\"async\" width=\"1512\" height=\"2016\" src=\"https:\/\/cdgolf33.com\/wp-content\/uploads\/2025\/01\/image3-rotated.jpeg\" class=\"attachment-full size-full\" alt=\"\" srcset=\"https:\/\/cdgolf33.com\/wp-content\/uploads\/2025\/01\/image3-rotated.jpeg 1512w, https:\/\/cdgolf33.com\/wp-content\/uploads\/2025\/01\/image3-225x300.jpeg 225w, https:\/\/cdgolf33.com\/wp-content\/uploads\/2025\/01\/image3-768x1024.jpeg 768w, https:\/\/cdgolf33.com\/wp-content\/uploads\/2025\/01\/image3-1152x1536.jpeg 1152w\" sizes=\"(max-width: 1512px) 100vw, 1512px\" \/><\/a>\n\t\t\t<\/dt><\/dl><dl class='gallery-item'>\n\t\t\t<dt class='gallery-icon portrait'>\n\t\t\t\t<a href='https:\/\/cdgolf33.com\/index.php\/2025\/01\/20\/rencontre-annuelle-contre-les-landes-2025\/image5\/'><img loading=\"lazy\" decoding=\"async\" width=\"1512\" height=\"2016\" src=\"https:\/\/cdgolf33.com\/wp-content\/uploads\/2025\/01\/image5-rotated.jpeg\" class=\"attachment-full size-full\" alt=\"\" srcset=\"https:\/\/cdgolf33.com\/wp-content\/uploads\/2025\/01\/image5-rotated.jpeg 1512w, https:\/\/cdgolf33.com\/wp-content\/uploads\/2025\/01\/image5-225x300.jpeg 225w, https:\/\/cdgolf33.com\/wp-content\/uploads\/2025\/01\/image5-768x1024.jpeg 768w, https:\/\/cdgolf33.com\/wp-content\/uploads\/2025\/01\/image5-1152x1536.jpeg 1152w\" sizes=\"(max-width: 1512px) 100vw, 1512px\" \/><\/a>\n\t\t\t<\/dt><\/dl><br style=\"clear: both\" \/><dl class='gallery-item'>\n\t\t\t<dt class='gallery-icon landscape'>\n\t\t\t\t<a href='https:\/\/cdgolf33.com\/index.php\/2025\/01\/20\/rencontre-annuelle-contre-les-landes-2025\/image13\/'><img loading=\"lazy\" decoding=\"async\" width=\"2016\" height=\"1512\" src=\"https:\/\/cdgolf33.com\/wp-content\/uploads\/2025\/01\/image13.jpeg\" class=\"attachment-full size-full\" alt=\"\" srcset=\"https:\/\/cdgolf33.com\/wp-content\/uploads\/2025\/01\/image13.jpeg 2016w, https:\/\/cdgolf33.com\/wp-content\/uploads\/2025\/01\/image13-300x225.jpeg 300w, https:\/\/cdgolf33.com\/wp-content\/uploads\/2025\/01\/image13-1024x768.jpeg 1024w, https:\/\/cdgolf33.com\/wp-content\/uploads\/2025\/01\/image13-768x576.jpeg 768w, https:\/\/cdgolf33.com\/wp-content\/uploads\/2025\/01\/image13-1536x1152.jpeg 1536w\" sizes=\"(max-width: 2016px) 100vw, 2016px\" \/><\/a>\n\t\t\t<\/dt><\/dl><dl class='gallery-item'>\n\t\t\t<dt class='gallery-icon landscape'>\n\t\t\t\t<a href='https:\/\/cdgolf33.com\/index.php\/2025\/01\/20\/rencontre-annuelle-contre-les-landes-2025\/image8\/'><img loading=\"lazy\" decoding=\"async\" width=\"2016\" height=\"1512\" src=\"https:\/\/cdgolf33.com\/wp-content\/uploads\/2025\/01\/image8.jpeg\" class=\"attachment-full size-full\" alt=\"\" srcset=\"https:\/\/cdgolf33.com\/wp-content\/uploads\/2025\/01\/image8.jpeg 2016w, https:\/\/cdgolf33.com\/wp-content\/uploads\/2025\/01\/image8-300x225.jpeg 300w, https:\/\/cdgolf33.com\/wp-content\/uploads\/2025\/01\/image8-1024x768.jpeg 1024w, https:\/\/cdgolf33.com\/wp-content\/uploads\/2025\/01\/image8-768x576.jpeg 768w, https:\/\/cdgolf33.com\/wp-content\/uploads\/2025\/01\/image8-1536x1152.jpeg 1536w\" sizes=\"(max-width: 2016px) 100vw, 2016px\" \/><\/a>\n\t\t\t<\/dt><\/dl><dl class='gallery-item'>\n\t\t\t<dt class='gallery-icon portrait'>\n\t\t\t\t<a href='https:\/\/cdgolf33.com\/index.php\/2025\/01\/20\/rencontre-annuelle-contre-les-landes-2025\/image1-2\/'><img loading=\"lazy\" decoding=\"async\" width=\"1512\" height=\"2016\" src=\"https:\/\/cdgolf33.com\/wp-content\/uploads\/2025\/01\/image1-rotated.jpeg\" class=\"attachment-full size-full\" alt=\"\" srcset=\"https:\/\/cdgolf33.com\/wp-content\/uploads\/2025\/01\/image1-rotated.jpeg 1512w, https:\/\/cdgolf33.com\/wp-content\/uploads\/2025\/01\/image1-225x300.jpeg 225w, https:\/\/cdgolf33.com\/wp-content\/uploads\/2025\/01\/image1-768x1024.jpeg 768w, https:\/\/cdgolf33.com\/wp-content\/uploads\/2025\/01\/image1-1152x1536.jpeg 1152w\" sizes=\"(max-width: 1512px) 100vw, 1512px\" \/><\/a>\n\t\t\t<\/dt><\/dl><br style=\"clear: both\" \/>\n\t\t<\/div>\n\n","protected":false},"excerpt":{"rendered":"<p>Le rendez-vous avait \u00e9t\u00e9 donn\u00e9 le SAMEDI 18 JANVIER sur le GOLF de MIMIZAN \u00e1 10h30. Nous avons du d\u00e9caler les d\u00e9parts \u00e1 12h45 pour cause de gel. Nous avons donc pris la d\u00e9cision de jouer 6 trous en GREENSOME et 6 trous en MATCH PLAY individuel. Chaque \u00e9quipe comptait [&hellip;]<\/p>\n","protected":false},"author":1,"featured_media":0,"comment_status":"closed","ping_status":"closed","sticky":false,"template":"","format":"standard","meta":{"footnotes":""},"categories":[12],"tags":[],"class_list":["post-7630","post","type-post","status-publish","format-standard","hentry","category-jeunes-regroup-rencontres"],"yoast_head":"<!-- This site is optimized with the Yoast SEO plugin v27.5 - https:\/\/yoast.com\/product\/yoast-seo-wordpress\/ -->\n<title>RENCONTRE ANNUELLE CONTRE LES LANDES 2025 - Comit\u00e9 D\u00e9partemental de Golf de Gironde<\/title>\n<meta name=\"robots\" content=\"index, follow, max-snippet:-1, max-image-preview:large, max-video-preview:-1\" \/>\n<link rel=\"canonical\" href=\"https:\/\/cdgolf33.com\/index.php\/2025\/01\/20\/rencontre-annuelle-contre-les-landes-2025\/\" \/>\n<meta property=\"og:locale\" content=\"fr_FR\" \/>\n<meta property=\"og:type\" content=\"article\" \/>\n<meta property=\"og:title\" content=\"RENCONTRE ANNUELLE CONTRE LES LANDES 2025 - Comit\u00e9 D\u00e9partemental de Golf de Gironde\" \/>\n<meta property=\"og:description\" content=\"Le rendez-vous avait \u00e9t\u00e9 donn\u00e9 le SAMEDI 18 JANVIER sur le GOLF de MIMIZAN \u00e1 10h30. Nous avons du d\u00e9caler les d\u00e9parts \u00e1 12h45 pour cause de gel. Nous avons donc pris la d\u00e9cision de jouer 6 trous en GREENSOME et 6 trous en MATCH PLAY individuel. Chaque \u00e9quipe comptait [&hellip;]\" \/>\n<meta property=\"og:url\" content=\"https:\/\/cdgolf33.com\/index.php\/2025\/01\/20\/rencontre-annuelle-contre-les-landes-2025\/\" \/>\n<meta property=\"og:site_name\" content=\"Comit\u00e9 D\u00e9partemental de Golf de Gironde\" \/>\n<meta property=\"article:published_time\" content=\"2025-01-19T23:08:47+00:00\" \/>\n<meta property=\"og:image\" content=\"https:\/\/cdgolf33.com\/wp-content\/uploads\/2025\/01\/image3-rotated.jpeg\" \/>\n<meta name=\"author\" content=\"le Comit\u00e9 de Golf de Gironde\" \/>\n<meta name=\"twitter:card\" content=\"summary_large_image\" \/>\n<meta name=\"twitter:creator\" content=\"@comitegolf33\" \/>\n<meta name=\"twitter:site\" content=\"@comitegolf33\" \/>\n<meta name=\"twitter:label1\" content=\"\u00c9crit par\" \/>\n\t<meta name=\"twitter:data1\" content=\"le Comit\u00e9 de Golf de Gironde\" \/>\n\t<meta name=\"twitter:label2\" content=\"Dur\u00e9e de lecture estim\u00e9e\" \/>\n\t<meta name=\"twitter:data2\" content=\"2 minutes\" \/>\n<script type=\"application\/ld+json\" class=\"yoast-schema-graph\">{\"@context\":\"https:\\\/\\\/schema.org\",\"@graph\":[{\"@type\":\"Article\",\"@id\":\"https:\\\/\\\/cdgolf33.com\\\/index.php\\\/2025\\\/01\\\/20\\\/rencontre-annuelle-contre-les-landes-2025\\\/#article\",\"isPartOf\":{\"@id\":\"https:\\\/\\\/cdgolf33.com\\\/index.php\\\/2025\\\/01\\\/20\\\/rencontre-annuelle-contre-les-landes-2025\\\/\"},\"author\":{\"name\":\"le Comit\u00e9 de Golf de Gironde\",\"@id\":\"https:\\\/\\\/cdgolf33.com\\\/#\\\/schema\\\/person\\\/0fe3a29db97d77dc619597e8963ba0f5\"},\"headline\":\"RENCONTRE ANNUELLE CONTRE LES LANDES 2025\",\"datePublished\":\"2025-01-19T23:08:47+00:00\",\"mainEntityOfPage\":{\"@id\":\"https:\\\/\\\/cdgolf33.com\\\/index.php\\\/2025\\\/01\\\/20\\\/rencontre-annuelle-contre-les-landes-2025\\\/\"},\"wordCount\":228,\"publisher\":{\"@id\":\"https:\\\/\\\/cdgolf33.com\\\/#organization\"},\"articleSection\":[\"Jeunes ~ Regroupement \\\/ Rencontres\"],\"inLanguage\":\"fr-FR\"},{\"@type\":\"WebPage\",\"@id\":\"https:\\\/\\\/cdgolf33.com\\\/index.php\\\/2025\\\/01\\\/20\\\/rencontre-annuelle-contre-les-landes-2025\\\/\",\"url\":\"https:\\\/\\\/cdgolf33.com\\\/index.php\\\/2025\\\/01\\\/20\\\/rencontre-annuelle-contre-les-landes-2025\\\/\",\"name\":\"RENCONTRE ANNUELLE CONTRE LES LANDES 2025 - Comit\u00e9 D\u00e9partemental de Golf de Gironde\",\"isPartOf\":{\"@id\":\"https:\\\/\\\/cdgolf33.com\\\/#website\"},\"datePublished\":\"2025-01-19T23:08:47+00:00\",\"breadcrumb\":{\"@id\":\"https:\\\/\\\/cdgolf33.com\\\/index.php\\\/2025\\\/01\\\/20\\\/rencontre-annuelle-contre-les-landes-2025\\\/#breadcrumb\"},\"inLanguage\":\"fr-FR\",\"potentialAction\":[{\"@type\":\"ReadAction\",\"target\":[\"https:\\\/\\\/cdgolf33.com\\\/index.php\\\/2025\\\/01\\\/20\\\/rencontre-annuelle-contre-les-landes-2025\\\/\"]}]},{\"@type\":\"BreadcrumbList\",\"@id\":\"https:\\\/\\\/cdgolf33.com\\\/index.php\\\/2025\\\/01\\\/20\\\/rencontre-annuelle-contre-les-landes-2025\\\/#breadcrumb\",\"itemListElement\":[{\"@type\":\"ListItem\",\"position\":1,\"name\":\"Accueil\",\"item\":\"https:\\\/\\\/cdgolf33.com\\\/\"},{\"@type\":\"ListItem\",\"position\":2,\"name\":\"RENCONTRE ANNUELLE CONTRE LES LANDES 2025\"}]},{\"@type\":\"WebSite\",\"@id\":\"https:\\\/\\\/cdgolf33.com\\\/#website\",\"url\":\"https:\\\/\\\/cdgolf33.com\\\/\",\"name\":\"Comit\u00e9 D\u00e9partemental de Golf de Gironde\",\"description\":\"Le Comit\u00e9 de Gironde de Golf vous souhaite la bienvenue sur son site !\",\"publisher\":{\"@id\":\"https:\\\/\\\/cdgolf33.com\\\/#organization\"},\"potentialAction\":[{\"@type\":\"SearchAction\",\"target\":{\"@type\":\"EntryPoint\",\"urlTemplate\":\"https:\\\/\\\/cdgolf33.com\\\/?s={search_term_string}\"},\"query-input\":{\"@type\":\"PropertyValueSpecification\",\"valueRequired\":true,\"valueName\":\"search_term_string\"}}],\"inLanguage\":\"fr-FR\"},{\"@type\":\"Organization\",\"@id\":\"https:\\\/\\\/cdgolf33.com\\\/#organization\",\"name\":\"Comit\u00e9 de Golf de Gironde\",\"url\":\"https:\\\/\\\/cdgolf33.com\\\/\",\"logo\":{\"@type\":\"ImageObject\",\"inLanguage\":\"fr-FR\",\"@id\":\"https:\\\/\\\/cdgolf33.com\\\/#\\\/schema\\\/logo\\\/image\\\/\",\"url\":\"https:\\\/\\\/cdgolf33.com\\\/wp-content\\\/uploads\\\/2019\\\/05\\\/LOGOCD33.jpg\",\"contentUrl\":\"https:\\\/\\\/cdgolf33.com\\\/wp-content\\\/uploads\\\/2019\\\/05\\\/LOGOCD33.jpg\",\"width\":220,\"height\":233,\"caption\":\"Comit\u00e9 de Golf de Gironde\"},\"image\":{\"@id\":\"https:\\\/\\\/cdgolf33.com\\\/#\\\/schema\\\/logo\\\/image\\\/\"},\"sameAs\":[\"https:\\\/\\\/x.com\\\/comitegolf33\"]},{\"@type\":\"Person\",\"@id\":\"https:\\\/\\\/cdgolf33.com\\\/#\\\/schema\\\/person\\\/0fe3a29db97d77dc619597e8963ba0f5\",\"name\":\"le Comit\u00e9 de Golf de Gironde\",\"image\":{\"@type\":\"ImageObject\",\"inLanguage\":\"fr-FR\",\"@id\":\"https:\\\/\\\/secure.gravatar.com\\\/avatar\\\/7d0f051f071526df9cb148fdbc91d08090dd58d68fc15de4c9d807e08b07f6c9?s=96&d=mm&r=g\",\"url\":\"https:\\\/\\\/secure.gravatar.com\\\/avatar\\\/7d0f051f071526df9cb148fdbc91d08090dd58d68fc15de4c9d807e08b07f6c9?s=96&d=mm&r=g\",\"contentUrl\":\"https:\\\/\\\/secure.gravatar.com\\\/avatar\\\/7d0f051f071526df9cb148fdbc91d08090dd58d68fc15de4c9d807e08b07f6c9?s=96&d=mm&r=g\",\"caption\":\"le Comit\u00e9 de Golf de Gironde\"}}]}<\/script>\n<!-- \/ Yoast SEO plugin. -->","yoast_head_json":{"title":"RENCONTRE ANNUELLE CONTRE LES LANDES 2025 - Comit\u00e9 D\u00e9partemental de Golf de Gironde","robots":{"index":"index","follow":"follow","max-snippet":"max-snippet:-1","max-image-preview":"max-image-preview:large","max-video-preview":"max-video-preview:-1"},"canonical":"https:\/\/cdgolf33.com\/index.php\/2025\/01\/20\/rencontre-annuelle-contre-les-landes-2025\/","og_locale":"fr_FR","og_type":"article","og_title":"RENCONTRE ANNUELLE CONTRE LES LANDES 2025 - Comit\u00e9 D\u00e9partemental de Golf de Gironde","og_description":"Le rendez-vous avait \u00e9t\u00e9 donn\u00e9 le SAMEDI 18 JANVIER sur le GOLF de MIMIZAN \u00e1 10h30. Nous avons du d\u00e9caler les d\u00e9parts \u00e1 12h45 pour cause de gel. Nous avons donc pris la d\u00e9cision de jouer 6 trous en GREENSOME et 6 trous en MATCH PLAY individuel. Chaque \u00e9quipe comptait [&hellip;]","og_url":"https:\/\/cdgolf33.com\/index.php\/2025\/01\/20\/rencontre-annuelle-contre-les-landes-2025\/","og_site_name":"Comit\u00e9 D\u00e9partemental de Golf de Gironde","article_published_time":"2025-01-19T23:08:47+00:00","og_image":[{"url":"https:\/\/cdgolf33.com\/wp-content\/uploads\/2025\/01\/image3-rotated.jpeg","type":"","width":"","height":""}],"author":"le Comit\u00e9 de Golf de Gironde","twitter_card":"summary_large_image","twitter_creator":"@comitegolf33","twitter_site":"@comitegolf33","twitter_misc":{"\u00c9crit par":"le Comit\u00e9 de Golf de Gironde","Dur\u00e9e de lecture estim\u00e9e":"2 minutes"},"schema":{"@context":"https:\/\/schema.org","@graph":[{"@type":"Article","@id":"https:\/\/cdgolf33.com\/index.php\/2025\/01\/20\/rencontre-annuelle-contre-les-landes-2025\/#article","isPartOf":{"@id":"https:\/\/cdgolf33.com\/index.php\/2025\/01\/20\/rencontre-annuelle-contre-les-landes-2025\/"},"author":{"name":"le Comit\u00e9 de Golf de Gironde","@id":"https:\/\/cdgolf33.com\/#\/schema\/person\/0fe3a29db97d77dc619597e8963ba0f5"},"headline":"RENCONTRE ANNUELLE CONTRE LES LANDES 2025","datePublished":"2025-01-19T23:08:47+00:00","mainEntityOfPage":{"@id":"https:\/\/cdgolf33.com\/index.php\/2025\/01\/20\/rencontre-annuelle-contre-les-landes-2025\/"},"wordCount":228,"publisher":{"@id":"https:\/\/cdgolf33.com\/#organization"},"articleSection":["Jeunes ~ Regroupement \/ Rencontres"],"inLanguage":"fr-FR"},{"@type":"WebPage","@id":"https:\/\/cdgolf33.com\/index.php\/2025\/01\/20\/rencontre-annuelle-contre-les-landes-2025\/","url":"https:\/\/cdgolf33.com\/index.php\/2025\/01\/20\/rencontre-annuelle-contre-les-landes-2025\/","name":"RENCONTRE ANNUELLE CONTRE LES LANDES 2025 - Comit\u00e9 D\u00e9partemental de Golf de Gironde","isPartOf":{"@id":"https:\/\/cdgolf33.com\/#website"},"datePublished":"2025-01-19T23:08:47+00:00","breadcrumb":{"@id":"https:\/\/cdgolf33.com\/index.php\/2025\/01\/20\/rencontre-annuelle-contre-les-landes-2025\/#breadcrumb"},"inLanguage":"fr-FR","potentialAction":[{"@type":"ReadAction","target":["https:\/\/cdgolf33.com\/index.php\/2025\/01\/20\/rencontre-annuelle-contre-les-landes-2025\/"]}]},{"@type":"BreadcrumbList","@id":"https:\/\/cdgolf33.com\/index.php\/2025\/01\/20\/rencontre-annuelle-contre-les-landes-2025\/#breadcrumb","itemListElement":[{"@type":"ListItem","position":1,"name":"Accueil","item":"https:\/\/cdgolf33.com\/"},{"@type":"ListItem","position":2,"name":"RENCONTRE ANNUELLE CONTRE LES LANDES 2025"}]},{"@type":"WebSite","@id":"https:\/\/cdgolf33.com\/#website","url":"https:\/\/cdgolf33.com\/","name":"Comit\u00e9 D\u00e9partemental de Golf de Gironde","description":"Le Comit\u00e9 de Gironde de Golf vous souhaite la bienvenue sur son site !","publisher":{"@id":"https:\/\/cdgolf33.com\/#organization"},"potentialAction":[{"@type":"SearchAction","target":{"@type":"EntryPoint","urlTemplate":"https:\/\/cdgolf33.com\/?s={search_term_string}"},"query-input":{"@type":"PropertyValueSpecification","valueRequired":true,"valueName":"search_term_string"}}],"inLanguage":"fr-FR"},{"@type":"Organization","@id":"https:\/\/cdgolf33.com\/#organization","name":"Comit\u00e9 de Golf de Gironde","url":"https:\/\/cdgolf33.com\/","logo":{"@type":"ImageObject","inLanguage":"fr-FR","@id":"https:\/\/cdgolf33.com\/#\/schema\/logo\/image\/","url":"https:\/\/cdgolf33.com\/wp-content\/uploads\/2019\/05\/LOGOCD33.jpg","contentUrl":"https:\/\/cdgolf33.com\/wp-content\/uploads\/2019\/05\/LOGOCD33.jpg","width":220,"height":233,"caption":"Comit\u00e9 de Golf de Gironde"},"image":{"@id":"https:\/\/cdgolf33.com\/#\/schema\/logo\/image\/"},"sameAs":["https:\/\/x.com\/comitegolf33"]},{"@type":"Person","@id":"https:\/\/cdgolf33.com\/#\/schema\/person\/0fe3a29db97d77dc619597e8963ba0f5","name":"le Comit\u00e9 de Golf de Gironde","image":{"@type":"ImageObject","inLanguage":"fr-FR","@id":"https:\/\/secure.gravatar.com\/avatar\/7d0f051f071526df9cb148fdbc91d08090dd58d68fc15de4c9d807e08b07f6c9?s=96&d=mm&r=g","url":"https:\/\/secure.gravatar.com\/avatar\/7d0f051f071526df9cb148fdbc91d08090dd58d68fc15de4c9d807e08b07f6c9?s=96&d=mm&r=g","contentUrl":"https:\/\/secure.gravatar.com\/avatar\/7d0f051f071526df9cb148fdbc91d08090dd58d68fc15de4c9d807e08b07f6c9?s=96&d=mm&r=g","caption":"le Comit\u00e9 de Golf de Gironde"}}]}},"_links":{"self":[{"href":"https:\/\/cdgolf33.com\/index.php\/wp-json\/wp\/v2\/posts\/7630","targetHints":{"allow":["GET"]}}],"collection":[{"href":"https:\/\/cdgolf33.com\/index.php\/wp-json\/wp\/v2\/posts"}],"about":[{"href":"https:\/\/cdgolf33.com\/index.php\/wp-json\/wp\/v2\/types\/post"}],"author":[{"embeddable":true,"href":"https:\/\/cdgolf33.com\/index.php\/wp-json\/wp\/v2\/users\/1"}],"replies":[{"embeddable":true,"href":"https:\/\/cdgolf33.com\/index.php\/wp-json\/wp\/v2\/comments?post=7630"}],"version-history":[{"count":1,"href":"https:\/\/cdgolf33.com\/index.php\/wp-json\/wp\/v2\/posts\/7630\/revisions"}],"predecessor-version":[{"id":7640,"href":"https:\/\/cdgolf33.com\/index.php\/wp-json\/wp\/v2\/posts\/7630\/revisions\/7640"}],"wp:attachment":[{"href":"https:\/\/cdgolf33.com\/index.php\/wp-json\/wp\/v2\/media?parent=7630"}],"wp:term":[{"taxonomy":"category","embeddable":true,"href":"https:\/\/cdgolf33.com\/index.php\/wp-json\/wp\/v2\/categories?post=7630"},{"taxonomy":"post_tag","embeddable":true,"href":"https:\/\/cdgolf33.com\/index.php\/wp-json\/wp\/v2\/tags?post=7630"}],"curies":[{"name":"wp","href":"https:\/\/api.w.org\/{rel}","templated":true}]}}